{"id":60813,"date":"2020-04-29T12:21:33","date_gmt":"2020-04-29T15:21:33","guid":{"rendered":"https:\/\/www.actualidadadiario.com\/?p=60813"},"modified":"2020-04-29T12:21:33","modified_gmt":"2020-04-29T15:21:33","slug":"leve-repunte-de-muertos-diarios-y-contagios-en-plena-reapertura-en-espana","status":"publish","type":"post","link":"https:\/\/www.actualidadadiario.com\/index.php\/2020\/04\/29\/leve-repunte-de-muertos-diarios-y-contagios-en-plena-reapertura-en-espana\/","title":{"rendered":"Leve repunte de muertos diarios y contagios en plena reapertura en Espa\u00f1a"},"content":{"rendered":"<p style=\"text-align: center;\"><em><strong>El incremento en la cifra de fallecidos se debe a que una regi\u00f3n notific\u00f3 casos antiguos<\/strong><\/em><\/p>\n<p>&nbsp;<\/p>\n<p>&nbsp;<\/p>\n<p>La cifra de muertos diarios por coronavirus subi\u00f3 hoy ligeramente en Espa\u00f1a, tras registrarse 325 fallecidos, mientras los contagios se incrementaron en 2.144 personas, sin que esto suponga un rev\u00e9s en la tendencia descendiente de la pandemia, en medio de las primeras medidas de flexibilizaci\u00f3n del confinamiento.<\/p>\n<p>Si bien se produjo un leve repunte en la cifra de fallecidos, de 24 personas respecto al d\u00eda anterior, el incremento se debe a que una regi\u00f3n notific\u00f3 casos antiguos, matiz\u00f3 Fernando Sim\u00f3n, el director del Centro de Alertas y Emergencias Sanitarias, quien valora diariamente la evoluci\u00f3n de la pandemia.<\/p>\n<p>A pesar de ello, el drama diario no cesa y Espa\u00f1a suma ya 24.275 v\u00edctimas fatales desde el inicio de la emergencia sanitaria.<\/p>\n<p>En cuanto a los contagios, se detectaron 2.144 nuevos, un 1% m\u00e1s, lo que eleva el total de personas diagnosticadas a 212.917, seg\u00fan el \u00faltimo balance del Ministerio de Sanidad.<\/p>\n<p>Por otro lado, los recuperados aumentaron hasta 108.947 personas, despu\u00e9s de que en las \u00faltimas 24 horas 6.399 pacientes recibieron la alta m\u00e9dica, la cifra m\u00e1s alta desde que comenz\u00f3 la crisis.<\/p>\n<p>&#8220;La evoluci\u00f3n que estamos observando es muy favorable, va en la l\u00ednea de lo que esper\u00e1bamos&#8221;, remarc\u00f3 Sim\u00f3n al llegar a la mitad de la s\u00e9ptima semana de confinamiento, tras la puesta en marcha de la primera medida de flexibilizaci\u00f3n a nivel nacional, que permite a los menores de 14 a\u00f1os salir a jugar una hora al d\u00eda.<\/p>\n<p>A partir del pr\u00f3ximo s\u00e1bado 2 de mayo, los ciudadanos espa\u00f1oles tambi\u00e9n podr\u00e1n salir a hacer deporte o pasear una vez al d\u00eda con las personas que conviven, de acuerdo con la &#8220;fase 0&#8221; del plan de desescalada anunciado ayer por el presidente del gobierno, Pedro S\u00e1nchez.<\/p>\n<p>El lunes siguiente, el 4 de mayo, Espa\u00f1a entrar\u00e1 de lleno en la transici\u00f3n, con la implementaci\u00f3n de medidas de preparaci\u00f3n de locales y la apertura de las primeras actividades comerciales que funcionan con cita previa, como peluquer\u00edas, as\u00ed como la posibilidad de realizar entrenamientos individuales a deportistas profesionales.<\/p>\n<p>La fase 1 ser\u00e1 ya algo m\u00e1s compleja, puesto que implica la apertura de las terrazas (espacios exteriores) de bares y restaurantes pero con un 30% de ocupaci\u00f3n, al igual que centros de culto y del peque\u00f1o comercio, todos bajo estrictas medidas de seguridad.<\/p>\n<p>El plan, que consta con un total de 4 fases, no establece fechas precisas sino estimativas, ya que se aplicar\u00e1 teniendo en cuenta la provincia o isla como unidad territorial y su evoluci\u00f3n en base a varios factores, entre ellos la evoluci\u00f3n de la pandemia y la preparaci\u00f3n del sistema sanitario para detectar y atajar un nuevo brote.<\/p>\n<p>El presidente del gobierno explic\u00f3 que cada etapa del plan de desescalada durar\u00e1 como m\u00ednimo dos semanas, con lo que espera que el pa\u00eds en su conjunto alcance una &#8220;nueva normalidad&#8221; al final de junio.<\/p>\n<p>El d\u00eda despu\u00e9s a la presentaci\u00f3n de su &#8220;hoja de ruta&#8221; para la salida de la crisis de coronavirus, S\u00e1nchez recibi\u00f3 duras cr\u00edticas de la oposici\u00f3n en un debate parlamentario de control al gobierno, donde por primera vez se puso en duda que cuente con los apoyos para aprobar la pr\u00f3xima semana una nueva pr\u00f3rroga del estado de alarma.<\/p>\n<p>El l\u00edder del conservador Partido Popular (PP), Pablo Casado, cuyo voto es necesario para sacar adelante la medida de excepci\u00f3n, endureci\u00f3 a\u00fan m\u00e1s sus cr\u00edticas y acus\u00f3 a S\u00e1nchez de &#8220;mentir&#8221; y de hacer el &#8220;rid\u00edculo&#8221; en su gesti\u00f3n de la crisis del coronavirus.<\/p>\n<p>&#8220;Miente cuando dice que no aprovecha la crisis para avanzar con su agenda radical. Miente cuando dice que quiere pactar con la oposici\u00f3n que se tiene que enterar por la tele de los planes de desescalada\u201d, le reproch\u00f3 Casado.<\/p>\n","protected":false},"excerpt":{"rendered":"<p>El incremento en la cifra de fallecidos se debe a que una regi\u00f3n notific\u00f3 casos antiguos &nbsp; &nbsp; La cifra de muertos diarios por coronavirus subi\u00f3 hoy ligeramente en Espa\u00f1a, tras registrarse 325 fallecidos, mientras los contagios se incrementaron en 2.144 personas, sin que esto suponga un rev\u00e9s en la tendencia descendiente de la pandemia, en medio de las primeras medidas de flexibilizaci\u00f3n del confinamiento. Si bien se produjo un leve repunte en la cifra de fallecidos, de 24 personas respecto al d\u00eda anterior, el incremento se debe a que&#8230;<\/p>\n","protected":false},"author":3,"featured_media":60814,"comment_status":"closed","ping_status":"closed","sticky":false,"template":"","format":"standard","meta":[],"categories":[4],"tags":[],"_links":{"self":[{"href":"https:\/\/www.actualidadadiario.com\/index.php\/wp-json\/wp\/v2\/posts\/60813"}],"collection":[{"href":"https:\/\/www.actualidadadiario.com\/index.php\/wp-json\/wp\/v2\/posts"}],"about":[{"href":"https:\/\/www.actualidadadiario.com\/index.php\/wp-json\/wp\/v2\/types\/post"}],"author":[{"embeddable":true,"href":"https:\/\/www.actualidadadiario.com\/index.php\/wp-json\/wp\/v2\/users\/3"}],"replies":[{"embeddable":true,"href":"https:\/\/www.actualidadadiario.com\/index.php\/wp-json\/wp\/v2\/comments?post=60813"}],"version-history":[{"count":1,"href":"https:\/\/www.actualidadadiario.com\/index.php\/wp-json\/wp\/v2\/posts\/60813\/revisions"}],"predecessor-version":[{"id":60815,"href":"https:\/\/www.actualidadadiario.com\/index.php\/wp-json\/wp\/v2\/posts\/60813\/revisions\/60815"}],"wp:featuredmedia":[{"embeddable":true,"href":"https:\/\/www.actualidadadiario.com\/index.php\/wp-json\/wp\/v2\/media\/60814"}],"wp:attachment":[{"href":"https:\/\/www.actualidadadiario.com\/index.php\/wp-json\/wp\/v2\/media?parent=60813"}],"wp:term":[{"taxonomy":"category","embeddable":true,"href":"https:\/\/www.actualidadadiario.com\/index.php\/wp-json\/wp\/v2\/categories?post=60813"},{"taxonomy":"post_tag","embeddable":true,"href":"https:\/\/www.actualidadadiario.com\/index.php\/wp-json\/wp\/v2\/tags?post=60813"}],"curies":[{"name":"wp","href":"https:\/\/api.w.org\/{rel}","templated":true}]}}