{"id":60810,"date":"2020-04-29T12:20:43","date_gmt":"2020-04-29T15:20:43","guid":{"rendered":"https:\/\/www.actualidadadiario.com\/?p=60810"},"modified":"2020-04-29T12:20:43","modified_gmt":"2020-04-29T15:20:43","slug":"deuda-externa-un-grupo-de-empresarios-apoyo-publicamente-la-oferta-del-gobierno-nacional","status":"publish","type":"post","link":"https:\/\/www.actualidadadiario.com\/index.php\/2020\/04\/29\/deuda-externa-un-grupo-de-empresarios-apoyo-publicamente-la-oferta-del-gobierno-nacional\/","title":{"rendered":"Deuda externa: un grupo de empresarios apoy\u00f3 p\u00fablicamente la oferta del gobierno nacional"},"content":{"rendered":"<p style=\"text-align: center;\"><em><strong>A trav\u00e9s de un comunicado aseguraron que la propuesta argentina muestra que nuestro pa\u00eds tiene voluntad de pago<\/strong><\/em><\/p>\n<p>&nbsp;<\/p>\n<p>Las c\u00e1maras empresariales se mostraron a favor de la propuesta que hizo el gobierno argentino respecto de la deuda externa. Mediante un comunicado afirmaron que la misma lleva a que el pa\u00eds retome \u201cla senda del crecimiento\u201d. La oferta que les present\u00f3 la gesti\u00f3n actual a los bonistas extranjeros consiste en una quita del 62% en capital e intereses. A su vez, establece un per\u00edodo de gracia de tres a\u00f1os, por lo que nuestro pa\u00eds comenzar\u00eda a pagar reci\u00e9n en el 2023.<\/p>\n<p>Los empresarios aseguraron que la presentaci\u00f3n del gobierno nacional \u201creafirma\u201d el \u201ccompromiso\u201d de la Argentina de querer abonarle a los acreedores. Adem\u00e1s aseveraron que el poder llegar a un acuerdo es esencial para el futuro tanto inmediato como mediato del pa\u00eds. Es por eso, que se\u00f1alaron que ellos desean que ambas partes puedan llegar al mejor convenio posible y que las negociaciones concluyan de una manera \u201cexitosa\u201d.<\/p>\n<p>Siguiendo esa l\u00ednea destacaron que la propuesta argentina constituye un paso esencial para alcanzar una \u201cnegociaci\u00f3n abierta\u201d. En ese sentido, resaltaron que la oferta refleja la predisposici\u00f3n que tiene nuestro pa\u00eds de pagar la deuda, m\u00e1s all\u00e1 de la crisis actual ocasionada por el coronavirus. Adem\u00e1s subrayaron que al realizar una oferta, el gobierno nacional dej\u00f3 en claro que no posterga aquellos temas que son de car\u00e1cter urgente para el desarrollo del pa\u00eds.<\/p>\n<p>Explicaron que resolver la cuesti\u00f3n de la deuda es fundamental para el pa\u00eds, ya que, al saldar el endeudamiento externo, la Argentina va a comenzar a tener mayor sustentabilidad. Adem\u00e1s le dar\u00e1 un respiro a la econom\u00eda para que esta puede volver a ponerse en marcha y retomar su crecimiento.<\/p>\n<p>El comunicado del sector empresarial lleva las firmas de Alejandro Simon (ADIRA), Jos\u00e9 Urtubey (Celulosa Argentina), Marcelo Figueras (Laboratorios Richmon), Martin Umaran (Founder Globant), Pablo Peralta (Grupo BTS\/Origenes), Mara Bettiol (UART), Fabi\u00e1n Castillo (FECOBA) y Mart\u00edn Cabrales (Cabrales SA).<\/p>\n","protected":false},"excerpt":{"rendered":"<p>A trav\u00e9s de un comunicado aseguraron que la propuesta argentina muestra que nuestro pa\u00eds tiene voluntad de pago &nbsp; Las c\u00e1maras empresariales se mostraron a favor de la propuesta que hizo el gobierno argentino respecto de la deuda externa. Mediante un comunicado afirmaron que la misma lleva a que el pa\u00eds retome \u201cla senda del crecimiento\u201d. La oferta que les present\u00f3 la gesti\u00f3n actual a los bonistas extranjeros consiste en una quita del 62% en capital e intereses. A su vez, establece un per\u00edodo de gracia de tres a\u00f1os, por&#8230;<\/p>\n","protected":false},"author":3,"featured_media":60811,"comment_status":"closed","ping_status":"closed","sticky":false,"template":"","format":"standard","meta":[],"categories":[18],"tags":[],"_links":{"self":[{"href":"https:\/\/www.actualidadadiario.com\/index.php\/wp-json\/wp\/v2\/posts\/60810"}],"collection":[{"href":"https:\/\/www.actualidadadiario.com\/index.php\/wp-json\/wp\/v2\/posts"}],"about":[{"href":"https:\/\/www.actualidadadiario.com\/index.php\/wp-json\/wp\/v2\/types\/post"}],"author":[{"embeddable":true,"href":"https:\/\/www.actualidadadiario.com\/index.php\/wp-json\/wp\/v2\/users\/3"}],"replies":[{"embeddable":true,"href":"https:\/\/www.actualidadadiario.com\/index.php\/wp-json\/wp\/v2\/comments?post=60810"}],"version-history":[{"count":1,"href":"https:\/\/www.actualidadadiario.com\/index.php\/wp-json\/wp\/v2\/posts\/60810\/revisions"}],"predecessor-version":[{"id":60812,"href":"https:\/\/www.actualidadadiario.com\/index.php\/wp-json\/wp\/v2\/posts\/60810\/revisions\/60812"}],"wp:featuredmedia":[{"embeddable":true,"href":"https:\/\/www.actualidadadiario.com\/index.php\/wp-json\/wp\/v2\/media\/60811"}],"wp:attachment":[{"href":"https:\/\/www.actualidadadiario.com\/index.php\/wp-json\/wp\/v2\/media?parent=60810"}],"wp:term":[{"taxonomy":"category","embeddable":true,"href":"https:\/\/www.actualidadadiario.com\/index.php\/wp-json\/wp\/v2\/categories?post=60810"},{"taxonomy":"post_tag","embeddable":true,"href":"https:\/\/www.actualidadadiario.com\/index.php\/wp-json\/wp\/v2\/tags?post=60810"}],"curies":[{"name":"wp","href":"https:\/\/api.w.org\/{rel}","templated":true}]}}