{"id":60807,"date":"2020-04-29T12:19:59","date_gmt":"2020-04-29T15:19:59","guid":{"rendered":"https:\/\/www.actualidadadiario.com\/?p=60807"},"modified":"2020-04-29T12:19:59","modified_gmt":"2020-04-29T15:19:59","slug":"el-senado-esta-cada-vez-mas-cerca-de-la-sesion-virtual","status":"publish","type":"post","link":"https:\/\/www.actualidadadiario.com\/index.php\/2020\/04\/29\/el-senado-esta-cada-vez-mas-cerca-de-la-sesion-virtual\/","title":{"rendered":"El Senado est\u00e1 cada vez m\u00e1s cerca de la sesi\u00f3n virtual"},"content":{"rendered":"<p style=\"text-align: center;\"><em><strong>La vicepresidenta recibi\u00f3 al peronista Jos\u00e9\u00a0 Mayans y al radical Luis Naidenoff. Les present\u00f3 la propuesta de funcionamiento remoto. Hay un principio de acuerdo<\/strong><\/em><\/p>\n<p>&nbsp;<\/p>\n<p>&nbsp;<\/p>\n<p>La reuni\u00f3n fue presencial y all\u00ed la vicepresidenta y titular del Senado, Cristina Fern\u00e1ndez de Kirchner les entreg\u00f3 a los jefes de los principales bloques legislativos, Jos\u00e9 Mayans por el Frente de Todos y Luis Naidenoff de Juntos por el Cambio, la propuesta de c\u00f3mo se realizar\u00e1n las sesiones virtuales en la C\u00e1mara alta a partir de la pr\u00f3xima semana. Desde la presidencia del cuerpo indicaron que &#8220;en principio&#8221; hubo un acuerdo sobre c\u00f3mo funcionar\u00e1 el Senado.<\/p>\n<p>Cristina recibi\u00f3 a los legisladores en el despacho de la presidencia del Senado y les entreg\u00f3 una propuesta para sesionar de manera remota. El escrito prev\u00e9 que la presidencia del cuerpo est\u00e9 presente en el recinto junto con los secretarios y prosecretarios parlamentarios imprescindibles para la sesi\u00f3n, mientras que los y las legisladoras se conectar\u00e1n de manera virtual v\u00eda videoconferencia. El senador puede realizar esa conexi\u00f3n desde alg\u00fan organismo oficial de su localidad como una Legislatura, un Concejo Deliberante o una Municipalidad).\u00a0 La presencia de los senadores se contabilizar\u00eda en el tablero del recinto y la votaci\u00f3n se realizar\u00eda por un sistema electr\u00f3nico instalado en las computadoras de las y los legisladores.<\/p>\n<p>Desde la vicepresidencia confirmaron que tanto Naidenoff como Mayans manifestaron su apoyo a la propuesta y, seg\u00fan estimaron, el oficialismo cuenta con el n\u00famero necesario para el qu\u00f3rum y as\u00ed concretar la primera sesi\u00f3n virtual el pr\u00f3ximo 6 de mayo. Si todo va bien y participan todos los integranes de estas dos bancadas, el tablero mostrar\u00e1 a 65 legisladores sobre un total de 72.\u00a0 El objetivo ser\u00e1 darle tratamiento a los Decretos de Necesidad y Urgencia que Alberto Fern\u00e1ndez firm\u00f3 en las \u00faltimas semanas, como el aislamiento social obligatorio, el congelamiento de las cuotas de alquileres, la suspensi\u00f3n de ejecuciones hipotecarias, el cierre de fronteras y el programa para pagar el 50 por ciento de los salarios de las empresas en crisis.<\/p>\n<p>Si todo sale bien, estar\u00e1 libre el camino para avanzar en otros proyectos que tiene el oficialismo en carpeta como el impuesto extraordinario a las grandes fortunas &#8211; impulsado por los diputados M\u00e1ximo Kirchner y Carlos Heller -, as\u00ed como a debatir un paquete de leyes que beneficien a las Pymes.<\/p>\n<p>El Frente de Todos est\u00e1 muy cerca de implementar las sesiones a trav\u00e9s de videoconferencia. El primer paso se produjo el viernes cuando la Corte Suprema, al tratar el pedido de certeza que hab\u00eda elevado la vicepresidenta para la realizaci\u00f3n de sesiones virtuales, afirm\u00f3 que tanto el Senado como la C\u00e1mara de Diputados tienen autonom\u00eda para dictar y modificar sus reglamentos y regular su propio funcionamiento, aclarando que &#8220;ninguna cl\u00e1usula (constitucional) veta la posibilidad de que las reuniones se lleven a cabo en forma remota\u201d. Ya ese d\u00eda la misma Cristina hab\u00eda adelantado que el Congreso podr\u00eda funcionar virtualmente con un tuit: &#8220;Listo! Sali\u00f3 el fallo de la Corte. El Congreso de la Naci\u00f3n ya puede sesionar virtualmente y nadie podr\u00e1 cuestionar esa modalidad para la sanci\u00f3n de las leyes. Fin\u2026 Saludos a todos y todas&#8221;.<\/p>\n<p>Ahora resta que la Bicameral que estudia los DNU emita dictamen, algo que suceder\u00e1 durante la tarde de este mi\u00e9rcoles (ver aparte), y con eso ya contar\u00e1 con el insumo esencial para realizar la sesi\u00f3n prevista para el 6 de mayo.<\/p>\n<p>Luego de la reuni\u00f3n, que dur\u00f3 una hora en total, Cristina y los dos presidentes de bloque -que viajaron por separado en auto a Buenos Aires desde la provincia de Formosa- hicieron un recorrido por el recinto en donde el personal del Senado ya instal\u00f3 las c\u00e1maras y las pantallas para sesionar. La idea de la propuesta de sesi\u00f3n virtual elaborada por la presidencia del Senado es que cada senador utilice una computadora personal para participar de la sesi\u00f3n de manera remota a trav\u00e9s de una plataforma que fue dise\u00f1ada por especialistas del Senado. CFK estar\u00eda sentada en su sill\u00f3n de la C\u00e1mara alta frente a dos pantallas y una c\u00e1mara web para moderar el plenario. A su vez, el secretario parlamentario, el peronista Marcelo Fuentes, y el prosecretario parlamentario, el radical Juan Tunessi, ser\u00e1n los encargados de constatar las presencias, los votos y la identidad de los participantes de la sesi\u00f3n que, adem\u00e1s, contar\u00e1 con el trabajo de los taqu\u00edgrafos.<\/p>\n<p>Seg\u00fan el instructivo, las y los senadores deber\u00e1n primero validar su identidad y, una vez conseguido el qu\u00f3rum, se dar\u00e1 inicio al debate en base a una lista pre establecido de oradores. El mismo instructivo pide reducir la cantidad de oradores y recomienda que, para evitar posibles inconvenientes en la calidad t\u00e9cnica del desarrollo de la sesi\u00f3n, la misma no dure m\u00e1s de cuatro horas. La sesi\u00f3n ser\u00e1 trasmitida a trav\u00e9s de Senado TV y YouTube.<\/p>\n","protected":false},"excerpt":{"rendered":"<p>La vicepresidenta recibi\u00f3 al peronista Jos\u00e9\u00a0 Mayans y al radical Luis Naidenoff. Les present\u00f3 la propuesta de funcionamiento remoto. Hay un principio de acuerdo &nbsp; &nbsp; La reuni\u00f3n fue presencial y all\u00ed la vicepresidenta y titular del Senado, Cristina Fern\u00e1ndez de Kirchner les entreg\u00f3 a los jefes de los principales bloques legislativos, Jos\u00e9 Mayans por el Frente de Todos y Luis Naidenoff de Juntos por el Cambio, la propuesta de c\u00f3mo se realizar\u00e1n las sesiones virtuales en la C\u00e1mara alta a partir de la pr\u00f3xima semana. Desde la presidencia del&#8230;<\/p>\n","protected":false},"author":3,"featured_media":60808,"comment_status":"closed","ping_status":"closed","sticky":false,"template":"","format":"standard","meta":[],"categories":[18],"tags":[],"_links":{"self":[{"href":"https:\/\/www.actualidadadiario.com\/index.php\/wp-json\/wp\/v2\/posts\/60807"}],"collection":[{"href":"https:\/\/www.actualidadadiario.com\/index.php\/wp-json\/wp\/v2\/posts"}],"about":[{"href":"https:\/\/www.actualidadadiario.com\/index.php\/wp-json\/wp\/v2\/types\/post"}],"author":[{"embeddable":true,"href":"https:\/\/www.actualidadadiario.com\/index.php\/wp-json\/wp\/v2\/users\/3"}],"replies":[{"embeddable":true,"href":"https:\/\/www.actualidadadiario.com\/index.php\/wp-json\/wp\/v2\/comments?post=60807"}],"version-history":[{"count":1,"href":"https:\/\/www.actualidadadiario.com\/index.php\/wp-json\/wp\/v2\/posts\/60807\/revisions"}],"predecessor-version":[{"id":60809,"href":"https:\/\/www.actualidadadiario.com\/index.php\/wp-json\/wp\/v2\/posts\/60807\/revisions\/60809"}],"wp:featuredmedia":[{"embeddable":true,"href":"https:\/\/www.actualidadadiario.com\/index.php\/wp-json\/wp\/v2\/media\/60808"}],"wp:attachment":[{"href":"https:\/\/www.actualidadadiario.com\/index.php\/wp-json\/wp\/v2\/media?parent=60807"}],"wp:term":[{"taxonomy":"category","embeddable":true,"href":"https:\/\/www.actualidadadiario.com\/index.php\/wp-json\/wp\/v2\/categories?post=60807"},{"taxonomy":"post_tag","embeddable":true,"href":"https:\/\/www.actualidadadiario.com\/index.php\/wp-json\/wp\/v2\/tags?post=60807"}],"curies":[{"name":"wp","href":"https:\/\/api.w.org\/{rel}","templated":true}]}}