{"id":60801,"date":"2020-04-29T12:18:26","date_gmt":"2020-04-29T15:18:26","guid":{"rendered":"https:\/\/www.actualidadadiario.com\/?p=60801"},"modified":"2020-04-29T12:18:26","modified_gmt":"2020-04-29T15:18:26","slug":"diputados-ya-tiene-protocolo-para-las-sesiones-virtuales","status":"publish","type":"post","link":"https:\/\/www.actualidadadiario.com\/index.php\/2020\/04\/29\/diputados-ya-tiene-protocolo-para-las-sesiones-virtuales\/","title":{"rendered":"Diputados ya tiene protocolo para las sesiones virtuales"},"content":{"rendered":"<p style=\"text-align: center;\"><em><strong>La comisi\u00f3n de Modernizaci\u00f3n Parlamentaria de la C\u00e1mara de Diputados avanz\u00f3 en la redacci\u00f3n del protocolo para sesionar en forma virtual, en base al principio de acuerdo pol\u00edtico sellado este lunes entre los presidentes de los distintos bloques que componen el cuerpo legislativo<\/strong><\/em><\/p>\n<p>&nbsp;<\/p>\n<p>&nbsp;<\/p>\n<p>La comisi\u00f3n sesion\u00f3 por teleconferencia y pas\u00f3 a un cuarto intermedio hasta este mi\u00e9rcoles por la ma\u00f1ana, para terminar pulir la redacci\u00f3n final sobre la que ya se logr\u00f3 un consenso mayoritario. El objetivo es que el protocolo est\u00e9 listo para la reuni\u00f3n \u201cpresencial\u201d que horas m\u00e1s tarde tendr\u00e1 la comisi\u00f3n de Peticiones, Poderes y Reglamento, que abordar\u00e1 la modificaci\u00f3n de reglamento interno e incorporar\u00eda la adopci\u00f3n del sistema telem\u00e1tico para su funcionamiento \u201ctemporario\u201d de comisiones y el pleno de la C\u00e1mara.<\/p>\n<p>El \u00faltimo paso se dar\u00e1 el jueves. Ese d\u00eda todo deber\u00e1 ser rubricado en un nuevo encuentro de Labor Parlamentaria del que participar\u00e1n todas las bancadas pol\u00edticas, y en el que se definir\u00e1 el temario y a fecha para la primera sesi\u00f3n virtual de la C\u00e1mara baja.<\/p>\n<p>Toda la labor legislativa en la C\u00e1mara baja gira ahora en torno del trabajoso acuerdo al que arribaron el lunes los jefes de los bloques tras cuatro horas de debate y discusiones en una reuni\u00f3n presencial s\u00f3lo coloreada por los barbijos de los presentes. All\u00ed se pact\u00f3 una alternativa de una reuni\u00f3n mixta para una futura sesi\u00f3n: con la presencia en el recinto del presidente de la C\u00e1mara, Sergio Massa, los presidentes de los distintos bloques y un porcentaje a definir de diputados, que podr\u00eda incluir a los miembros informantes de los distintos proyectos. Mientras que el resto de los integrantes del cuerpo lo har\u00edan de manera remota.<\/p>\n<p>Tambi\u00e9n se acord\u00f3 un cronograma de trabajo. La comisi\u00f3n de modernizaci\u00f3n transit\u00f3, en cambio, una reuni\u00f3n en la que abundaron coincidencias y la necesidad de apurar el texto del protocolo, cuya redacci\u00f3n final qued\u00f3 en manos de las autoridades de la comisi\u00f3n que representan a las principales bancadas: su presidenta Daniela Vilar (FdT), su vice primera Silvia Lospenatto (JpC) y la vice segunda Graciela Cama\u00f1o (Federal). De la elaboaci\u00f3n del proyecto tambi\u00e9n participar\u00e1n el Secretario General de la C\u00e1mara, Juan Carlos Cheppi, a cargo del programa que cuenta con el respaldo de Arsat y el Renaper; y la prosecretaria parlamentaria Marta Luchetta, entre otros.<\/p>\n<p>El protocolo se estableci\u00f3 en base a once propuestas de distintos bloques, y tambi\u00e9n reuni\u00f3 aportes de \u201clas organizaciones de la sociedad civil\u201d, como defini\u00f3 Vilar en referencia a las consultas realizadas al CIPPEC y a la Fundaci\u00f3n Directorio Legislativo. Pero todo bajo el paraguas del acuerdo pol\u00edtico sellado el lunes en el Sal\u00f3n Delia Parodi del Congreso.<\/p>\n<p>En la comisi\u00f3n de Modernizaci\u00f3n, se insisti\u00f3 en que el protocolo no modifica el reglamento de la C\u00e1mara, que si estar\u00e1 a cargo de la comisi\u00f3n de Peticiones, Poderes y Reglamento. Y que se incluir\u00e1 las sesiones \u201cmixtas\u201d, en base a lo pactado por los jefes de bloque.<\/p>\n<p>Lospenatto (PRO) remarc\u00f3 en que el protocolo ser\u00e1 \u201cacotado temporalmente a esta situaci\u00f3n de la pandemia\u201d \u2013en principio con vigencia de 30 d\u00edas desde el momento de su aprobaci\u00f3n, que luego podr\u00e1 ser prorrogado&#8211; y pidi\u00f3 que esa extensi\u00f3n sea ratificada con una mayor\u00eda especial, siempre mientras dure el aislamiento social obligatorio. Cama\u00f1o, en tanto, sugiri\u00f3 la consulta con expertos y ampliar el plazo \u201ctemporario\u201d de las sesiones remotas ante la posibilidad que se extienda la cuarentena. Todo quedar\u00eda sujeto a lo que acuerden las bancadas pol\u00edticas.<\/p>\n<p>&nbsp;<\/p>\n<p><strong>Ciberseguridad<\/strong><\/p>\n<p>Massa firm\u00f3 junto al ministro de Interior, Eduardo \u201cWado\u201d De Pedro el convenio que permitir\u00e1 al Registro Nacional de las Personas (Renaper) \u201cgarantizar\u201d el registro e identificaci\u00f3n de los diputados que participen de las sesiones virtuales, mediante el registro de validaci\u00f3n de la identidad facial de las personas.<\/p>\n<p>Un sistema dotado de un software \u201cde alto rendimiento, posicionado entre el 1\u00b0 y 2\u00b0 mejor sistema seg\u00fan atributos en los rankings mundiales, como el del Instituto Nacional de Est\u00e1ndares y Tecnolog\u00eda de Estados Unidos\u201d. Y considerado como \u201cuno de los sistemas m\u00e1s veloces que existen: cada validaci\u00f3n de rostro demora apenas entre 3 y 5 segundos\u201d.<\/p>\n<p>Una tecnolog\u00eda que ya adoptaron el Ministerio de Interior, el Poder Judicial, Anses, Afip, el portal del Gobierno nacional Mi Argentina, los colegios de escribanos, los principales bancos del pa\u00eds y compa\u00f1\u00edas fintech (de tecnolog\u00eda financiera), entre otras.<\/p>\n","protected":false},"excerpt":{"rendered":"<p>La comisi\u00f3n de Modernizaci\u00f3n Parlamentaria de la C\u00e1mara de Diputados avanz\u00f3 en la redacci\u00f3n del protocolo para sesionar en forma virtual, en base al principio de acuerdo pol\u00edtico sellado este lunes entre los presidentes de los distintos bloques que componen el cuerpo legislativo &nbsp; &nbsp; La comisi\u00f3n sesion\u00f3 por teleconferencia y pas\u00f3 a un cuarto intermedio hasta este mi\u00e9rcoles por la ma\u00f1ana, para terminar pulir la redacci\u00f3n final sobre la que ya se logr\u00f3 un consenso mayoritario. El objetivo es que el protocolo est\u00e9 listo para la reuni\u00f3n \u201cpresencial\u201d que&#8230;<\/p>\n","protected":false},"author":3,"featured_media":60802,"comment_status":"closed","ping_status":"closed","sticky":false,"template":"","format":"standard","meta":[],"categories":[18],"tags":[],"_links":{"self":[{"href":"https:\/\/www.actualidadadiario.com\/index.php\/wp-json\/wp\/v2\/posts\/60801"}],"collection":[{"href":"https:\/\/www.actualidadadiario.com\/index.php\/wp-json\/wp\/v2\/posts"}],"about":[{"href":"https:\/\/www.actualidadadiario.com\/index.php\/wp-json\/wp\/v2\/types\/post"}],"author":[{"embeddable":true,"href":"https:\/\/www.actualidadadiario.com\/index.php\/wp-json\/wp\/v2\/users\/3"}],"replies":[{"embeddable":true,"href":"https:\/\/www.actualidadadiario.com\/index.php\/wp-json\/wp\/v2\/comments?post=60801"}],"version-history":[{"count":1,"href":"https:\/\/www.actualidadadiario.com\/index.php\/wp-json\/wp\/v2\/posts\/60801\/revisions"}],"predecessor-version":[{"id":60803,"href":"https:\/\/www.actualidadadiario.com\/index.php\/wp-json\/wp\/v2\/posts\/60801\/revisions\/60803"}],"wp:featuredmedia":[{"embeddable":true,"href":"https:\/\/www.actualidadadiario.com\/index.php\/wp-json\/wp\/v2\/media\/60802"}],"wp:attachment":[{"href":"https:\/\/www.actualidadadiario.com\/index.php\/wp-json\/wp\/v2\/media?parent=60801"}],"wp:term":[{"taxonomy":"category","embeddable":true,"href":"https:\/\/www.actualidadadiario.com\/index.php\/wp-json\/wp\/v2\/categories?post=60801"},{"taxonomy":"post_tag","embeddable":true,"href":"https:\/\/www.actualidadadiario.com\/index.php\/wp-json\/wp\/v2\/tags?post=60801"}],"curies":[{"name":"wp","href":"https:\/\/api.w.org\/{rel}","templated":true}]}}