{"id":60798,"date":"2020-04-29T12:17:31","date_gmt":"2020-04-29T15:17:31","guid":{"rendered":"https:\/\/www.actualidadadiario.com\/?p=60798"},"modified":"2020-04-29T12:17:31","modified_gmt":"2020-04-29T15:17:31","slug":"lousteau-tildo-de-circo-a-la-travesia-por-la-democracia-de-diputados-de-su-espacio","status":"publish","type":"post","link":"https:\/\/www.actualidadadiario.com\/index.php\/2020\/04\/29\/lousteau-tildo-de-circo-a-la-travesia-por-la-democracia-de-diputados-de-su-espacio\/","title":{"rendered":"Lousteau tild\u00f3 de &#8220;circo&#8221; a la \u201cTraves\u00eda por la Democracia\u201d de diputados de su espacio"},"content":{"rendered":"<p style=\"text-align: center;\"><em><strong>Mientras la C\u00e1mara alta se aprestaba a reunirse para determinar las sesiones virtuales, el senador de la UCR y socio de la alianza opositora destroz\u00f3 a la campa\u00f1a por la que un sector de Juntos por el Cambio se mostr\u00f3 viniendo en auto a Buenos Aires para impulsar encuentros presenciales. Dijo que fue un \u201ccirco\u201d que logra es \u201cbastardear\u201d la historia argentina<\/strong><\/em><\/p>\n<p>&nbsp;<\/p>\n<p>&nbsp;<\/p>\n<p>La pandemia del coronavirus &#8211; y sus consecuencias indirectas, como la cuarentena- parecen estar infectando a Juntos por el Cambio a tal punto que podr\u00eda colapsar: Mart\u00edn Lousteau, senador radical que integra la alianza opositora, tild\u00f3 de &#8220;circo&#8221; a la \u201cTraves\u00eda por la Democracia\u201d de diputados de su espacio, la rid\u00edcula aventura por tierra en la que legisladores macristas de todo el pa\u00eds viajaron hacia la Capital para presionar por sesiones presenciales en medio de la cuarentena obligatoria y la emergencia sanitaria.<\/p>\n<p>Lousteau cuestion\u00f3 la campa\u00f1a que la oposici\u00f3n PRO-UCR-Coalici\u00f3n C\u00edvica llam\u00f3 \u201cTraves\u00eda por la Democracia\u201d, que llevaron adelante en redes sociales diputados de Juntos por el Cambio para mostrar &#8220;esfuerzo&#8221; al venir en auto a Buenos Aires acusando la necesidad de &#8220;abrir&#8221; el Congreso, que no se concentre &#8220;el poder en el Poder Ejecutivo&#8221; y movilizar las sesiones presenciales, a pesar de la posibilidad avalada por la Corte de hacerlo de manera virtual.<\/p>\n<p>&#8220;No me gusta el circo que se arm\u00f3 en torno al funcionamiento del Congreso porque la verdad es que los cuerpos tienen reglamentos, los reglamentos son muy claros\u201d, afirm\u00f3 el ex adversario de Horacio Rodr\u00edguez Larreta en la Ciudad en di\u00e1logo con Radio Con Vos. Y agreg\u00f3 que \u201chay que ver c\u00f3mo se modifican los reglamentos y c\u00f3mo se adaptan a estos tiempos, y empezar a trabajar&#8221;.<\/p>\n<p>En la misma l\u00ednea, diferenci\u00f3 el &#8220;circo&#8221; montado por sus pares de lo que ser\u00eda una &#8220;Traves\u00eda por la Democracia&#8221;: &#8220;&#8216;Traves\u00eda por la Democracia&#8217; es otra cosa. Es Alfons\u00edn el \u00faltimo a\u00f1o de la dictadura caminando pueblo por pueblo en dictadura para construir la democracia\u201d.<\/p>\n<p>\u201cCuando exageramos algunas cosas que son muy sensibles, las bastardeamos\u201d, evalu\u00f3 en la misma entrevista, al cuestionar el tono \u00e9pico que se le dio a la procesi\u00f3n de los legisladores opositores hacia la Capital.<\/p>\n<p>Como para equilibrar sus opiniones y conservar su lugar de opositor, Lousteau tambi\u00e9n reparti\u00f3 cr\u00edticas hacia Cristina Fern\u00e1ndez de Kirchner por el pedido que la Corte le rechaz\u00f3, pero que permiti\u00f3 su aval expl\u00edcito a las sesiones virtuales: \u201cEn lugar de sentarnos a resolver un problema y darle tranquilidad a la gente armamos un circo; el de Cristina por un lado y el de este por el otro; me parece que es minimizar o bastardear; decir que \u2018nos robaron la democracia\u2019 es minimizar o bastardear la grave historia institucional argentina con respecto a la democracia\u201d.<\/p>\n<p>Uno de los creadores y m\u00e1ximos difusores de la traves\u00eda por la democracia fue Mario Negri, el diputado radical que encabeza el interbloque de Juntos por el Cambio, que ayer arm\u00f3 revuelo porque su dificultoso viaje no concluy\u00f3, a pesar de todo, en el Congreso, sino que hasta se escap\u00f3 de all\u00ed un poco antes para seguir viaje unas cuadras m\u00e1s, hasta los estudios de TN.<\/p>\n<p>Cuando fue reemplazado por el jefe del bloque del PRO, Cristian Ritondo, se produjo el acuerdo entre todos los sectores que habilitar\u00e1 que la semana que viene la c\u00e1mara sesione y se puedan sancionar leyes de manera virtual.<\/p>\n","protected":false},"excerpt":{"rendered":"<p>Mientras la C\u00e1mara alta se aprestaba a reunirse para determinar las sesiones virtuales, el senador de la UCR y socio de la alianza opositora destroz\u00f3 a la campa\u00f1a por la que un sector de Juntos por el Cambio se mostr\u00f3 viniendo en auto a Buenos Aires para impulsar encuentros presenciales. Dijo que fue un \u201ccirco\u201d que logra es \u201cbastardear\u201d la historia argentina &nbsp; &nbsp; La pandemia del coronavirus &#8211; y sus consecuencias indirectas, como la cuarentena- parecen estar infectando a Juntos por el Cambio a tal punto que podr\u00eda colapsar:&#8230;<\/p>\n","protected":false},"author":3,"featured_media":60799,"comment_status":"closed","ping_status":"closed","sticky":false,"template":"","format":"standard","meta":[],"categories":[18],"tags":[],"_links":{"self":[{"href":"https:\/\/www.actualidadadiario.com\/index.php\/wp-json\/wp\/v2\/posts\/60798"}],"collection":[{"href":"https:\/\/www.actualidadadiario.com\/index.php\/wp-json\/wp\/v2\/posts"}],"about":[{"href":"https:\/\/www.actualidadadiario.com\/index.php\/wp-json\/wp\/v2\/types\/post"}],"author":[{"embeddable":true,"href":"https:\/\/www.actualidadadiario.com\/index.php\/wp-json\/wp\/v2\/users\/3"}],"replies":[{"embeddable":true,"href":"https:\/\/www.actualidadadiario.com\/index.php\/wp-json\/wp\/v2\/comments?post=60798"}],"version-history":[{"count":1,"href":"https:\/\/www.actualidadadiario.com\/index.php\/wp-json\/wp\/v2\/posts\/60798\/revisions"}],"predecessor-version":[{"id":60800,"href":"https:\/\/www.actualidadadiario.com\/index.php\/wp-json\/wp\/v2\/posts\/60798\/revisions\/60800"}],"wp:featuredmedia":[{"embeddable":true,"href":"https:\/\/www.actualidadadiario.com\/index.php\/wp-json\/wp\/v2\/media\/60799"}],"wp:attachment":[{"href":"https:\/\/www.actualidadadiario.com\/index.php\/wp-json\/wp\/v2\/media?parent=60798"}],"wp:term":[{"taxonomy":"category","embeddable":true,"href":"https:\/\/www.actualidadadiario.com\/index.php\/wp-json\/wp\/v2\/categories?post=60798"},{"taxonomy":"post_tag","embeddable":true,"href":"https:\/\/www.actualidadadiario.com\/index.php\/wp-json\/wp\/v2\/tags?post=60798"}],"curies":[{"name":"wp","href":"https:\/\/api.w.org\/{rel}","templated":true}]}}