{"id":60792,"date":"2020-04-29T11:55:36","date_gmt":"2020-04-29T14:55:36","guid":{"rendered":"https:\/\/www.actualidadadiario.com\/?p=60792"},"modified":"2020-04-29T11:55:36","modified_gmt":"2020-04-29T14:55:36","slug":"se-acredita-el-refuerzo-de-6000-en-las-tarjetas-alimentar","status":"publish","type":"post","link":"https:\/\/www.actualidadadiario.com\/index.php\/2020\/04\/29\/se-acredita-el-refuerzo-de-6000-en-las-tarjetas-alimentar\/","title":{"rendered":"Se acredita el refuerzo de $6000 en las tarjetas Alimentar"},"content":{"rendered":"<p style=\"text-align: center;\"><em><strong>El Gobierno pone en marcha la partida &#8220;extraordinaria&#8221; para reforzar el monto de cobro de los beneficiarios del programa asistencial<\/strong><\/em><\/p>\n<p>&nbsp;<\/p>\n<p>&nbsp;<\/p>\n<p>Desde hoy, Anses efectivizar\u00e1 el monto extraordinario de refuerzo para los beneficiarios del plan de la tarjeta Alimentar por la emergencia econ\u00f3mica que se desat\u00f3 en plena pandemia de coronavirus. Ser\u00e1 de hasta $6000 seg\u00fan el tipo de alcance.<\/p>\n<p>&nbsp;<\/p>\n<p><strong>\u00bfCu\u00e1nto me corresponde cobrar?<\/strong><\/p>\n<ul>\n<li>Aquellas familias con un\/a hija\/o percibir\u00e1n un plus de 4.000 pesos<\/li>\n<li>Quienes tengan dos o m\u00e1s hijos, recibir\u00e1n un refuerzo extraordinario de 6.000 pesos.<\/li>\n<\/ul>\n<p>&nbsp;<\/p>\n<p><strong>\u00bfC\u00f3mo cobrarlo?<\/strong><\/p>\n<p>El monto se depositar\u00e1 de manera autom\u00e1tica en el cr\u00e9dito disponible del pl\u00e1stico. Ser\u00e1 para uso \u00fanico de compras de alimentos y productos de primera necesidad.<\/p>\n<p>&nbsp;<\/p>\n<p><strong>\u00bfQu\u00e9 pasa si no tengo la tarjeta?<\/strong><\/p>\n<p>Para aquellas personas que ingresen dentro del programa pero aun no cuenten con la tarjeta, se les depositar\u00e1 el refuerzo junto el pago de la Asignaci\u00f3n Universal por Hijo (AUH), de acuerdo con el cronograma de fechas dispuestas por Anses.<\/p>\n<p>&nbsp;<\/p>\n<p><strong>\u00bfCu\u00e1l es el cronograma de pago de la AUH para mayo?<\/strong><\/p>\n<p>El cronograma de cobro dispuesto por la Administraci\u00f3n Nacional de la Seguridad Social (ANSES) ser\u00e1 de acuerdo a la finalizaci\u00f3n del n\u00famero de DNI de cada beneficiario de la Asignaci\u00f3n Universal por Hijo. De esta forma las fechas son:<\/p>\n<ul>\n<li>viernes 8 de mayo para los documentos que terminen en 1;<\/li>\n<li>el lunes 11 para los DNI en 2;<\/li>\n<li>el martes 12 en 3;<\/li>\n<li>el mi\u00e9rcoles 13 en 4;<\/li>\n<li>el jueves 14 en 5;<\/li>\n<li>el viernes 15 en 6<\/li>\n<li>DNI finalizado en 7 cobrar\u00e1n el lunes 18<\/li>\n<li>los terminados en 8 el martes 19;<\/li>\n<li>los que finalicen en 9 el mi\u00e9rcoles 20<\/li>\n<li>los documentos que terminen en 10 el jueves 21 de mayo<\/li>\n<\/ul>\n<p>&nbsp;<\/p>\n<p>La Tarjeta Alimentaria inyecta 7.600 millones en todo el pa\u00eds, seg\u00fan datos dados a conocer por el Gobierno. &#8220;Nuestra tarea es fortalecer el derecho de las familias a una alimentaci\u00f3n sana y sostener los ingresos en una situaci\u00f3n social cr\u00edtica&#8221;, enfatiz\u00f3 el ministro de Desarrollo Social, Daniel Arroyo.<\/p>\n","protected":false},"excerpt":{"rendered":"<p>El Gobierno pone en marcha la partida &#8220;extraordinaria&#8221; para reforzar el monto de cobro de los beneficiarios del programa asistencial &nbsp; &nbsp; Desde hoy, Anses efectivizar\u00e1 el monto extraordinario de refuerzo para los beneficiarios del plan de la tarjeta Alimentar por la emergencia econ\u00f3mica que se desat\u00f3 en plena pandemia de coronavirus. Ser\u00e1 de hasta $6000 seg\u00fan el tipo de alcance. &nbsp; \u00bfCu\u00e1nto me corresponde cobrar? Aquellas familias con un\/a hija\/o percibir\u00e1n un plus de 4.000 pesos Quienes tengan dos o m\u00e1s hijos, recibir\u00e1n un refuerzo extraordinario de 6.000 pesos&#8230;.<\/p>\n","protected":false},"author":3,"featured_media":60793,"comment_status":"closed","ping_status":"closed","sticky":false,"template":"","format":"standard","meta":[],"categories":[2],"tags":[],"_links":{"self":[{"href":"https:\/\/www.actualidadadiario.com\/index.php\/wp-json\/wp\/v2\/posts\/60792"}],"collection":[{"href":"https:\/\/www.actualidadadiario.com\/index.php\/wp-json\/wp\/v2\/posts"}],"about":[{"href":"https:\/\/www.actualidadadiario.com\/index.php\/wp-json\/wp\/v2\/types\/post"}],"author":[{"embeddable":true,"href":"https:\/\/www.actualidadadiario.com\/index.php\/wp-json\/wp\/v2\/users\/3"}],"replies":[{"embeddable":true,"href":"https:\/\/www.actualidadadiario.com\/index.php\/wp-json\/wp\/v2\/comments?post=60792"}],"version-history":[{"count":1,"href":"https:\/\/www.actualidadadiario.com\/index.php\/wp-json\/wp\/v2\/posts\/60792\/revisions"}],"predecessor-version":[{"id":60794,"href":"https:\/\/www.actualidadadiario.com\/index.php\/wp-json\/wp\/v2\/posts\/60792\/revisions\/60794"}],"wp:featuredmedia":[{"embeddable":true,"href":"https:\/\/www.actualidadadiario.com\/index.php\/wp-json\/wp\/v2\/media\/60793"}],"wp:attachment":[{"href":"https:\/\/www.actualidadadiario.com\/index.php\/wp-json\/wp\/v2\/media?parent=60792"}],"wp:term":[{"taxonomy":"category","embeddable":true,"href":"https:\/\/www.actualidadadiario.com\/index.php\/wp-json\/wp\/v2\/categories?post=60792"},{"taxonomy":"post_tag","embeddable":true,"href":"https:\/\/www.actualidadadiario.com\/index.php\/wp-json\/wp\/v2\/tags?post=60792"}],"curies":[{"name":"wp","href":"https:\/\/api.w.org\/{rel}","templated":true}]}}