{"id":60787,"date":"2020-04-29T11:54:20","date_gmt":"2020-04-29T14:54:20","guid":{"rendered":"https:\/\/www.actualidadadiario.com\/?p=60787"},"modified":"2020-04-29T11:54:20","modified_gmt":"2020-04-29T14:54:20","slug":"cuarentena-focalizada-comienzan-a-reactivarse-las-industrias-en-las-provincias","status":"publish","type":"post","link":"https:\/\/www.actualidadadiario.com\/index.php\/2020\/04\/29\/cuarentena-focalizada-comienzan-a-reactivarse-las-industrias-en-las-provincias\/","title":{"rendered":"Cuarentena focalizada: comienzan a reactivarse las industrias en las provincias"},"content":{"rendered":"<p style=\"text-align: center;\"><em><strong>Un pu\u00f1ado de gobernadores habilit\u00f3 la actividad en las f\u00e1bricas, que de a poco comienzan a regresar a la producci\u00f3n con protocolos especiales. Otros sectores negocian retornos para pr\u00f3ximos d\u00edas<\/strong><\/em><\/p>\n<p>&nbsp;<\/p>\n<p>&nbsp;<\/p>\n<p>La paralizaci\u00f3n industrial por el aislamiento obligatorio empieza a mostrar se\u00f1ales de salida con la reactivaci\u00f3n de plantas en distintas provincias. No obstante, ante la situaci\u00f3n que no deja de ser cr\u00edtica, diversos sectores apuntalan protocolos para retomar la actividad, mientras al mismo tiempo hacen pedidos a los gobiernos para obtener ox\u00edgeno en los pr\u00f3ximos meses y negocian con gremios acuerdos salariales.<\/p>\n<p>Dos d\u00edas atr\u00e1s, dos automotrices anunciaron que retomaban sus trabajos: la alemana Volkswagen en C\u00f3rdoba y la sueca Scania en Tucum\u00e1n. En ambos casos, se trata de plantas de componentes que se destinan en un 100% al mercado de exportaci\u00f3n: otras plantas propias que ensamblan el modelo final. En ambos casos, el funcionamiento se da bajo estrictos protocolos de seguridad e higiene para evitar contagios y son un leve alivio para un sector que ya ven\u00eda golpeado desde antes de la pandemia del coronavirus (ver p\u00e1gina 10). Vale destacar que los gobernadores de esas provincias, el cordob\u00e9s Juan Schiaretti y el tucumano Juan Manzur, mantienen rigidez sobre las excepciones al aislamiento y en ambos distritos siguen prohibidas las salidas recreativas a la poblaci\u00f3n, por caso.<\/p>\n<p>En Chubut, en tanto, el mandatario Mariano Arcioni habilit\u00f3 el pasado viernes a las empresas textiles del parque industrial de Trelew y esta semana comenzaron a trabajar las firmas laneras. La provincia, adem\u00e1s, inici\u00f3 gestiones para que se autorice a unas tres f\u00e1bricas. Adem\u00e1s de textiles, otras de insumos m\u00e9dicos o que producen cajones para pescados.<\/p>\n<p>La industria textil estaba inactiva con la pandemia, y de hecho esta semana el secretario general de la Asociaci\u00f3n Obrera Textil (AOT), Hugo Ben\u00edtez, y la Federaci\u00f3n de Industrias Textiles (FITA) acordaron el pago de sumas fijas no remunerativas de entre 17.000 y 20.000 pesos durante tres meses, seg\u00fan la categor\u00eda, para el personal eximido de realizar tareas en el contexto de la pandemia. El sector tiene tambi\u00e9n un polo importante en La Rioja, donde el gobernador Ricardo Quintela se reuni\u00f3 con el Centro Comercial e Industrial de la provincia para tratar la gradual salida del aislamiento, y exceptuar m\u00e1s actividades.<\/p>\n<p>Entre los mandatarios que ya habilitaron la actividad industrial en sus distritos se cuenta al sanjuanino Sergio U\u00f1ac y al puntano Alberto Rodr\u00edguez Sa\u00e1. Ambos gobernadores activaron las f\u00e1bricas de todos los rubros, aunque previamente debe aprobarse un protocolo desde el gobierno para que se permita la apertura. El paquete de flexibilizaci\u00f3n tambi\u00e9n incluy\u00f3 profesionales liberales, obras privadas y peluquer\u00edas.<\/p>\n<p>\u201cTanto f\u00e1bricas, industrias y obra privada, el traslado del personal correr\u00e1 por cuenta exclusiva de los empleadores, a fin de evitar el uso del transporte p\u00fablico\u201d, menciona la normativa de San Luis. En San Juan, en tanto, se consideran autorizadas las empresas que realizan un proceso de fabricaci\u00f3n con destino final de exportaci\u00f3n, \u201clas que deber\u00e1n acreditar \u00f3rdenes de compra internacionales y haber registrado ventas durante los a\u00f1os 2019\/2020\u201d, y los procesos industriales espec\u00edficos que tengan por finalidad \u201cla producci\u00f3n de bienes destinados a la provisi\u00f3n directa de las actividades y sectores\u201d ya habilitados, dice un comunicado de la administraci\u00f3n de U\u00f1ac. En San Juan, se estima que podr\u00eda reactivarse el 80% de las industrias, que en la provincia giran con mayor fuerza en torno a la miner\u00eda y la vitivinicultura.<\/p>\n<p>En tanto, una provincia donde el empleo depende mayormente de la industria es Tierra del Fuego, con epicentro en las electr\u00f3nicas. Desde el gobierno de Gustavo Melella esperan que Naci\u00f3n apruebe el regreso a la actividad de las empresas, que est\u00e1n sin producci\u00f3n desde mediados de marzo; un golpe extra a los dos a\u00f1os consecutivos de ca\u00edda que registraba el sector.<\/p>\n<p>AFARTE, la c\u00e1mara que agrupa a las electr\u00f3nicas fueguinas, asegur\u00f3 que ya envi\u00f3 los protocolos al comit\u00e9 de emergencia y que las f\u00e1bricas fueron reacondicionadas para que los operarios puedan trabajar con las distancias necesarias, entre otras medidas preventivas.<\/p>\n<p>Las dificultades de las electr\u00f3nicas hab\u00edan llevado a un pago del 70% del salario este mes, lo que llev\u00f3 a una negociaci\u00f3n con el gremio de la UOM que deja la puerta abierta para reducci\u00f3n de jornadas laborales y suspensiones. Tambi\u00e9n hubo acuerdos entre empresas y gremios de Gastron\u00f3micos, Comercio, Petroleros y SMATA que contemplan reducciones de salarios.<\/p>\n<p>En la otra punta del pa\u00eds, d\u00edas atr\u00e1s la Uni\u00f3n de Industrias del Norte Argentino (UNINOA) pidi\u00f3 una audiencia con Alberto Fern\u00e1ndez para lograr un auxilio adicional para las empresas de la regi\u00f3n, ya que -advierten- \u201clas medidas de asistencia crediticia y financiamiento\u201d instrumentadas por la Casa Rosada \u201cno impactaron en la medida que se esperaba\u201d porque \u201capenas alcanzaron a un 5% de las industrias radicadas en el NOA y NEA\u201d.<\/p>\n","protected":false},"excerpt":{"rendered":"<p>Un pu\u00f1ado de gobernadores habilit\u00f3 la actividad en las f\u00e1bricas, que de a poco comienzan a regresar a la producci\u00f3n con protocolos especiales. Otros sectores negocian retornos para pr\u00f3ximos d\u00edas &nbsp; &nbsp; La paralizaci\u00f3n industrial por el aislamiento obligatorio empieza a mostrar se\u00f1ales de salida con la reactivaci\u00f3n de plantas en distintas provincias. No obstante, ante la situaci\u00f3n que no deja de ser cr\u00edtica, diversos sectores apuntalan protocolos para retomar la actividad, mientras al mismo tiempo hacen pedidos a los gobiernos para obtener ox\u00edgeno en los pr\u00f3ximos meses y negocian&#8230;<\/p>\n","protected":false},"author":3,"featured_media":60788,"comment_status":"closed","ping_status":"closed","sticky":false,"template":"","format":"standard","meta":[],"categories":[2],"tags":[],"_links":{"self":[{"href":"https:\/\/www.actualidadadiario.com\/index.php\/wp-json\/wp\/v2\/posts\/60787"}],"collection":[{"href":"https:\/\/www.actualidadadiario.com\/index.php\/wp-json\/wp\/v2\/posts"}],"about":[{"href":"https:\/\/www.actualidadadiario.com\/index.php\/wp-json\/wp\/v2\/types\/post"}],"author":[{"embeddable":true,"href":"https:\/\/www.actualidadadiario.com\/index.php\/wp-json\/wp\/v2\/users\/3"}],"replies":[{"embeddable":true,"href":"https:\/\/www.actualidadadiario.com\/index.php\/wp-json\/wp\/v2\/comments?post=60787"}],"version-history":[{"count":1,"href":"https:\/\/www.actualidadadiario.com\/index.php\/wp-json\/wp\/v2\/posts\/60787\/revisions"}],"predecessor-version":[{"id":60789,"href":"https:\/\/www.actualidadadiario.com\/index.php\/wp-json\/wp\/v2\/posts\/60787\/revisions\/60789"}],"wp:featuredmedia":[{"embeddable":true,"href":"https:\/\/www.actualidadadiario.com\/index.php\/wp-json\/wp\/v2\/media\/60788"}],"wp:attachment":[{"href":"https:\/\/www.actualidadadiario.com\/index.php\/wp-json\/wp\/v2\/media?parent=60787"}],"wp:term":[{"taxonomy":"category","embeddable":true,"href":"https:\/\/www.actualidadadiario.com\/index.php\/wp-json\/wp\/v2\/categories?post=60787"},{"taxonomy":"post_tag","embeddable":true,"href":"https:\/\/www.actualidadadiario.com\/index.php\/wp-json\/wp\/v2\/tags?post=60787"}],"curies":[{"name":"wp","href":"https:\/\/api.w.org\/{rel}","templated":true}]}}