{"id":60779,"date":"2020-04-29T11:52:09","date_gmt":"2020-04-29T14:52:09","guid":{"rendered":"https:\/\/www.actualidadadiario.com\/?p=60779"},"modified":"2020-04-29T11:52:09","modified_gmt":"2020-04-29T14:52:09","slug":"cuatro-provincias-se-preparan-con-videos-y-barbijos-para-la-apertura-de-sesiones","status":"publish","type":"post","link":"https:\/\/www.actualidadadiario.com\/index.php\/2020\/04\/29\/cuatro-provincias-se-preparan-con-videos-y-barbijos-para-la-apertura-de-sesiones\/","title":{"rendered":"Cuatro provincias se preparan con videos y barbijos para la apertura de sesiones"},"content":{"rendered":"<p style=\"text-align: center;\"><em><strong>Catamarca, Misiones, Santa Fe y Mendoza tendr\u00e1n sus asambleas legislativas de modo virtual o en espacios que permiten el distanciamiento social, para cumplir con las medidas de prevenci\u00f3n de contagios del coronavirus<\/strong><\/em><\/p>\n<p>&nbsp;<\/p>\n<p>&nbsp;<\/p>\n<p>Catamarca, Misiones, Santa Fe y Mendoza inaugurar\u00e1n sus sesiones ordinarias este viernes con los respectivos discursos de sus gobernadores, en ceremonias at\u00edpicas que se desarrollar\u00e1n por videoconferencia o en espacios que permitan mantener la distancia social que impone la pandemia de coronavirus, y ser\u00e1n as\u00ed las \u00faltimas provincias en dar inicio a la labor de sus parlamentos en el pa\u00eds.<\/p>\n<p>Mendoza, que fue pionera en el pa\u00eds hace un mes y medio al utilizar la plataforma virtual Zoom para sesionar en ambas c\u00e1maras, volver\u00e1 a recurrir a esa tecnolog\u00eda este viernes; mientras en Misiones los legisladores tambi\u00e9n participar\u00e1n virtualmente de la ceremonia de apertura, tal como hicieron antes otras provincias como Santa Cruz, La Pampa, C\u00f3rdoba y Santa Fe.<\/p>\n<p>De hecho, esta \u00faltima jurisdicci\u00f3n combin\u00f3 la manera virtual con la presencial, algo que repetir\u00e1 en la apertura anual de sesiones; al tiempo que en Jujuy el viernes se realiz\u00f3 la apertura de sesiones de forma presencial, tal como suceder\u00e1 esta semana en Catamarca.<\/p>\n<p>De esta manera, el gobernador de Santa Fe, Omar Perotti, abrir\u00e1 este viernes el 138\u00aa per\u00edodo de sesiones ordinarias de la Legislatura provincial en una ceremonia a desarrollarse en el recinto de la C\u00e1mara de Diputados.<\/p>\n<p>Voceros oficiales indicaron que Perotti se dirigir\u00e1 desde las 11 a un auditorio limitado a las autoridades de ambas c\u00e1maras legislativas; el presidente de la Corte Suprema local, Rafael Guti\u00e9rrez; los jefes de bloque y un n\u00famero reducido de invitados especiales y colaboradores.<\/p>\n<p>En tanto, los miembros del gabinete seguir\u00e1n el discurso desde la Casa de Gobierno a trav\u00e9s del sistema de videoconferencia mientras que en el estrado del recinto se encontrar\u00e1n el gobernador Perotti, la vicegobernadora, Alejandra Rodenas; el presidente provisional del Senado, Rub\u00e9n Pirola; y el titular de la c\u00e1mara anfitriona, el ex gobernador Miguel Lifschitz.<\/p>\n<p>Se tomar\u00e1n las medidas de prevenci\u00f3n contra el coronavirus, tanto en el uso de tapabocas como en el de la distancia entre personas, por lo que estar\u00e1n habilitadas para ingresar las autoridades cuya presencia es indispensable y el personal que pone en funcionamiento los distintos sectores.<\/p>\n<p>Las restricciones alcanzar\u00e1n tambi\u00e9n a la escolta del mandatario, que se limitar\u00e1 a cuatro miembros, y no se har\u00e1 presente, contra lo que es tradicional, la banda de polic\u00eda de la provincia.<\/p>\n<p>En Catamarca, el gobernador de la provincia, Ra\u00fal Jalil, presidir\u00e1 la apertura de la 131\u00aa Asamblea Legislativa, que ser\u00e1 de car\u00e1cter presencial, bajo estrictas normas de higiene y seguridad debido a la pandemia, informaron hoy fuentes gubernamentales.<\/p>\n<p>La convocatoria la realiz\u00f3 el vicegobernador y presidente de la c\u00e1mara de Senadores local, Rub\u00e9n Dusso, que mediante decreto convoc\u00f3 el viernes 1\u00b0 de mayo, a las 9, en el cine teatro Catamarca.<\/p>\n<p>Por su parte, el secretario parlamentario, Franco Dre, explic\u00f3 hoy a la prensa que a la asamblea &#8220;no podr\u00e1n ingresar las personas que no fueran esenciales para el normal desarrollo de ella&#8221;, como parte de las &#8220;estrictas normas&#8221; de seguridad y de higiene que se dispusieron.<\/p>\n<p>A su turno, el gobernador de la provincia de Mendoza, Rodolfo Su\u00e1rez, brindar\u00e1 su discurso este viernes a partir de las 9 ante la Asamblea Legislativa, dando as\u00ed apertura a las sesiones ordinarias correspondiente al 180\u00ba Periodo Legislativo anual, con la novedad de que, a causa de la pandemia de coronavirus, ser\u00e1 de manera online, confirmaron a T\u00e9lam fuentes de la Legislatura provincial.<\/p>\n<p>En el recinto estar\u00e1n presentes, adem\u00e1s del mandatario provincial, el vicegobernador y presidente del Senado, Mario Abed; el presidente de C\u00e1mara de Diputados, \u00c1ndres Lombardi; los secretarios legislativos de las c\u00e1maras alta y baja, David Saez y Carolina Lettry, respectivamente.<\/p>\n<p>El vicegobernador de Mendoza, Mario Abed, confirm\u00f3 que &#8220;la Asamblea Legislativa, con la apertura del per\u00edodo ordinario de sesiones, ser\u00e1 por videoconferencia, en la que van a estar vinculados los senadores y los diputados desde sus hogares&#8221;.<\/p>\n<p>&#8220;Incluso, se va realizar una vez que finalice, una conferencia de prensa donde los periodistas van a poder preguntar a trav\u00e9s de esa misma v\u00eda, y de la que van a participar tambi\u00e9n v\u00eda remota algunos ministros&#8221;, concluy\u00f3.<\/p>\n<p>Finalmente, el 1\u00b0 de Mayo se realizar\u00e1 la apertura de sesiones legislativas en Misiones de manera virtual, en la que los legisladores sesionar\u00e1n desde sus despachos ubicados en el edificio anexo de la C\u00e1mara de Representantes.<\/p>\n<p>El diputado oficialista y jefe del bloque Renovador, Mart\u00edn Cesino, se\u00f1al\u00f3 que &#8220;se mantendr\u00e1n las actividades sin presencia f\u00edsica de los legisladores, ni en la sesi\u00f3n, como tampoco en las comisiones&#8221;.<\/p>\n<p>La modalidad virtual es posible &#8220;porque los procedimientos parlamentarios est\u00e1n informatizados y la informaci\u00f3n digitalizada&#8221;, asegur\u00f3.<\/p>\n","protected":false},"excerpt":{"rendered":"<p>Catamarca, Misiones, Santa Fe y Mendoza tendr\u00e1n sus asambleas legislativas de modo virtual o en espacios que permiten el distanciamiento social, para cumplir con las medidas de prevenci\u00f3n de contagios del coronavirus &nbsp; &nbsp; Catamarca, Misiones, Santa Fe y Mendoza inaugurar\u00e1n sus sesiones ordinarias este viernes con los respectivos discursos de sus gobernadores, en ceremonias at\u00edpicas que se desarrollar\u00e1n por videoconferencia o en espacios que permitan mantener la distancia social que impone la pandemia de coronavirus, y ser\u00e1n as\u00ed las \u00faltimas provincias en dar inicio a la labor de sus&#8230;<\/p>\n","protected":false},"author":3,"featured_media":60780,"comment_status":"closed","ping_status":"closed","sticky":false,"template":"","format":"standard","meta":[],"categories":[2],"tags":[],"_links":{"self":[{"href":"https:\/\/www.actualidadadiario.com\/index.php\/wp-json\/wp\/v2\/posts\/60779"}],"collection":[{"href":"https:\/\/www.actualidadadiario.com\/index.php\/wp-json\/wp\/v2\/posts"}],"about":[{"href":"https:\/\/www.actualidadadiario.com\/index.php\/wp-json\/wp\/v2\/types\/post"}],"author":[{"embeddable":true,"href":"https:\/\/www.actualidadadiario.com\/index.php\/wp-json\/wp\/v2\/users\/3"}],"replies":[{"embeddable":true,"href":"https:\/\/www.actualidadadiario.com\/index.php\/wp-json\/wp\/v2\/comments?post=60779"}],"version-history":[{"count":1,"href":"https:\/\/www.actualidadadiario.com\/index.php\/wp-json\/wp\/v2\/posts\/60779\/revisions"}],"predecessor-version":[{"id":60781,"href":"https:\/\/www.actualidadadiario.com\/index.php\/wp-json\/wp\/v2\/posts\/60779\/revisions\/60781"}],"wp:featuredmedia":[{"embeddable":true,"href":"https:\/\/www.actualidadadiario.com\/index.php\/wp-json\/wp\/v2\/media\/60780"}],"wp:attachment":[{"href":"https:\/\/www.actualidadadiario.com\/index.php\/wp-json\/wp\/v2\/media?parent=60779"}],"wp:term":[{"taxonomy":"category","embeddable":true,"href":"https:\/\/www.actualidadadiario.com\/index.php\/wp-json\/wp\/v2\/categories?post=60779"},{"taxonomy":"post_tag","embeddable":true,"href":"https:\/\/www.actualidadadiario.com\/index.php\/wp-json\/wp\/v2\/tags?post=60779"}],"curies":[{"name":"wp","href":"https:\/\/api.w.org\/{rel}","templated":true}]}}