{"id":60773,"date":"2020-04-29T11:50:28","date_gmt":"2020-04-29T14:50:28","guid":{"rendered":"https:\/\/www.actualidadadiario.com\/?p=60773"},"modified":"2020-04-29T11:50:28","modified_gmt":"2020-04-29T14:50:28","slug":"argentina-y-uruguay-complementaran-tareas-por-el-coronavirus-y-trabajaran-en-conjunto-en-el-mercosur","status":"publish","type":"post","link":"https:\/\/www.actualidadadiario.com\/index.php\/2020\/04\/29\/argentina-y-uruguay-complementaran-tareas-por-el-coronavirus-y-trabajaran-en-conjunto-en-el-mercosur\/","title":{"rendered":"Argentina y Uruguay complementar\u00e1n tareas por el coronavirus y trabajar\u00e1n en conjunto en el Mercosur"},"content":{"rendered":"<p style=\"text-align: center;\"><em><strong>El Presidente mantuvo una conversaci\u00f3n telef\u00f3nica con su par uruguayo, en la que analizaron el impacto del coronavirus en la regi\u00f3n. Adem\u00e1s, Fern\u00e1ndez resalt\u00f3 que ambos pa\u00edses &#8220;deben ayudar a buscar una l\u00f3gica regional&#8221; en el bloque<\/strong><\/em><\/p>\n<p>&nbsp;<\/p>\n<p>El presidente Alberto Fern\u00e1ndez mantuvo una conversaci\u00f3n telef\u00f3nica con su par uruguayo, Luis Lacalle Pou, en la que analizaron el impacto del coronavirus en la regi\u00f3n y coincidieron en &#8220;complementar&#8221; los trabajos en materia sanitaria entre los dos pa\u00edses.<\/p>\n<p>Durante la comunicaci\u00f3n, que se extendi\u00f3 por 30 minutos, Fern\u00e1ndez resalt\u00f3 que la Argentina y Uruguay &#8220;deben ayudar a buscar una l\u00f3gica regional&#8221; en el Mercosur.<\/p>\n<p>Seg\u00fan informaron fuentes oficiales, ambos mandatarios se comprometieron a profundizar el trabajo conjunto dentro del Mercosur para &#8220;corregir las asimetr\u00edas&#8221; de la regi\u00f3n.<\/p>\n<p>En ese marco, los presidentes quedaron de acuerdo en &#8220;instruir&#8221; a sus cancilleres para &#8220;avanzar&#8221; en este sentido.<\/p>\n<p>\u201cLa decisi\u00f3n no es irnos del Mercosur, es hacerlo m\u00e1s grande, con m\u00e1s miembros\u201d, sostuvo el jefe de Estado argentino.<\/p>\n<p>La semana pasada, Argentina anunci\u00f3 su apartamiento de las negociaciones externas del Mercosur, aunque aclar\u00f3 que permanec\u00eda dentro del bloque pol\u00edtico regional.<\/p>\n<p>En tanto, en declaraciones realizadas el s\u00e1bado \u00faltimo al canal C5N, el presidente Alberto Fern\u00e1ndez consider\u00f3 &#8220;un verdadero disparate&#8221; que, desde algunos sectores, plantearan que el gobierno nacional planea abandonar el Mercosur y sostuvo que, en verdad, son los que dicen eso quienes &#8220;est\u00e1n en contra de la integraci\u00f3n regional&#8221;.<\/p>\n<p>&#8220;Lo que queremos es que el bloque negocie los acuerdos bilaterales de forma conjunta y no como sucede ahora, que cada pa\u00eds negocia de forma separada&#8221;, indic\u00f3 Fern\u00e1ndez luego de cr\u00edticas formuladas desde Juntos para el Cambio.<\/p>\n<p>&#8220;Estamos planteando en volver al punto de origen del Mercosur. Espero que los presidentes de los pa\u00edses que lo integran sigan este camino. Queremos m\u00e1s integraci\u00f3n y que la unidad se fortalezca&#8221;, remarc\u00f3 Fern\u00e1ndez en sus declaraciones del s\u00e1bado \u00faltimo.<\/p>\n","protected":false},"excerpt":{"rendered":"<p>El Presidente mantuvo una conversaci\u00f3n telef\u00f3nica con su par uruguayo, en la que analizaron el impacto del coronavirus en la regi\u00f3n. Adem\u00e1s, Fern\u00e1ndez resalt\u00f3 que ambos pa\u00edses &#8220;deben ayudar a buscar una l\u00f3gica regional&#8221; en el bloque &nbsp; El presidente Alberto Fern\u00e1ndez mantuvo una conversaci\u00f3n telef\u00f3nica con su par uruguayo, Luis Lacalle Pou, en la que analizaron el impacto del coronavirus en la regi\u00f3n y coincidieron en &#8220;complementar&#8221; los trabajos en materia sanitaria entre los dos pa\u00edses. Durante la comunicaci\u00f3n, que se extendi\u00f3 por 30 minutos, Fern\u00e1ndez resalt\u00f3 que la&#8230;<\/p>\n","protected":false},"author":3,"featured_media":60774,"comment_status":"closed","ping_status":"closed","sticky":false,"template":"","format":"standard","meta":[],"categories":[9],"tags":[],"_links":{"self":[{"href":"https:\/\/www.actualidadadiario.com\/index.php\/wp-json\/wp\/v2\/posts\/60773"}],"collection":[{"href":"https:\/\/www.actualidadadiario.com\/index.php\/wp-json\/wp\/v2\/posts"}],"about":[{"href":"https:\/\/www.actualidadadiario.com\/index.php\/wp-json\/wp\/v2\/types\/post"}],"author":[{"embeddable":true,"href":"https:\/\/www.actualidadadiario.com\/index.php\/wp-json\/wp\/v2\/users\/3"}],"replies":[{"embeddable":true,"href":"https:\/\/www.actualidadadiario.com\/index.php\/wp-json\/wp\/v2\/comments?post=60773"}],"version-history":[{"count":1,"href":"https:\/\/www.actualidadadiario.com\/index.php\/wp-json\/wp\/v2\/posts\/60773\/revisions"}],"predecessor-version":[{"id":60775,"href":"https:\/\/www.actualidadadiario.com\/index.php\/wp-json\/wp\/v2\/posts\/60773\/revisions\/60775"}],"wp:featuredmedia":[{"embeddable":true,"href":"https:\/\/www.actualidadadiario.com\/index.php\/wp-json\/wp\/v2\/media\/60774"}],"wp:attachment":[{"href":"https:\/\/www.actualidadadiario.com\/index.php\/wp-json\/wp\/v2\/media?parent=60773"}],"wp:term":[{"taxonomy":"category","embeddable":true,"href":"https:\/\/www.actualidadadiario.com\/index.php\/wp-json\/wp\/v2\/categories?post=60773"},{"taxonomy":"post_tag","embeddable":true,"href":"https:\/\/www.actualidadadiario.com\/index.php\/wp-json\/wp\/v2\/tags?post=60773"}],"curies":[{"name":"wp","href":"https:\/\/api.w.org\/{rel}","templated":true}]}}