{"id":60767,"date":"2020-04-29T11:48:47","date_gmt":"2020-04-29T14:48:47","guid":{"rendered":"https:\/\/www.actualidadadiario.com\/?p=60767"},"modified":"2020-04-29T11:48:47","modified_gmt":"2020-04-29T14:48:47","slug":"el-senado-provincial-tendra-su-primera-sesion-remota","status":"publish","type":"post","link":"https:\/\/www.actualidadadiario.com\/index.php\/2020\/04\/29\/el-senado-provincial-tendra-su-primera-sesion-remota\/","title":{"rendered":"El Senado provincial tendr\u00e1 su primera sesi\u00f3n remota"},"content":{"rendered":"<p style=\"text-align: center;\"><em><strong>La vicegobernadora y titular del Senado provincial, Laura Stratta, convoc\u00f3 para este mi\u00e9rcoles, a las 19, al primer debate virtual del cuerpo legislativo entrerriano. Esta decisi\u00f3n responde a la necesidad de adaptarse al contexto generado por las medidas preventivas del aislamiento social y obligatorio por la pandemia del COVID19, con la intenci\u00f3n de mantener el funcionamiento de la C\u00e1mara alta y garantizar la calidad institucional<\/strong><\/em><\/p>\n<p>&nbsp;<\/p>\n<p>&nbsp;<\/p>\n<p>El debate, previsto para este mi\u00e9rcoles 29 de abril, a las 19, se realizar\u00e1 bajo la modalidad virtual y por videoconferencia con las y los senadores provinciales, mientras que desde el recinto estar\u00e1 presente la titular del Senado, Laura Stratta; las autoridades de la C\u00e1mara; y los presidentes de bloque, Armando Gay y Francisco Morchio, cumpliendo las condiciones del aislamiento social, preventivo y obligatorio por la pandemia del coronavirus. De esta manera, se retoma plenamente la tarea del Senado entrerriano.<\/p>\n<p>La sesi\u00f3n ser\u00e1 transmitida v\u00eda videollamada por Youtube y podr\u00e1 seguirse desde la p\u00e1gina web de la Honorable C\u00e1mara de Senadores en la direcci\u00f3n www.senadoer.gob.ar<\/p>\n<p>En la primera sesi\u00f3n del Senado provincial bajo este formato se tratar\u00e1 el proyecto de ley Derecho a la Identidad de Origen. El art\u00edculo 1\u00b0 del texto expresa que en Entre R\u00edos se garantizar\u00e1 &#8220;el derecho a la identidad de origen a todas las personas nacidas en el territorio de la provincia&#8221;. El art\u00edculo 2\u00b0 contempla que &#8220;el Estado deber\u00e1 proveer a las personas adoptadas y a toda persona que presumiera que su identidad ha sido suprimida o alterada por hechos concomitantes o posteriores a su nacimiento, cualquiera sea la fecha en que \u00e9sta se hubiere producido, el acceso gratuito a toda informaci\u00f3n relacionada con su identidad de origen obrante en cualquier registro p\u00fablico o privado&#8221;. El proyecto tambi\u00e9n comprende a familiares de hasta segundo grado de parentesco.<\/p>\n<p>La propuesta en estudio establece que la autoridad de aplicaci\u00f3n ser\u00e1 la Subsecretar\u00eda de Derechos Humanos dependiente del Ministerio de Gobierno y Justicia; y tendr\u00e1 a su cargo un \u00c1rea de Promoci\u00f3n y Protecci\u00f3n del Derecho a la Identidad, conformada por un equipo interdisciplinario. En el art\u00edculo 5\u00b0 se detalla que el \u00c1rea de Promoci\u00f3n y Protecci\u00f3n del Derecho a la Identidad estar\u00e1 integrado, al menos, por los siguientes profesionales, a cuyo efecto el Poder Ejecutivo podr\u00e1 seleccionar entre los recursos humanos que ya revistan en el Estado Provincial: a) Un abogado\/a, con conocimiento en la tem\u00e1tica; b) Un psic\u00f3logo\/a, con conocimiento en la tem\u00e1tica; y c) Un trabajador\/a social, con conocimiento en la tem\u00e1tica.<\/p>\n<p>En otro apartado del texto, se enumeran las funciones del \u00c1rea de Promoci\u00f3n y Protecci\u00f3n del Derecho a la Identidad, las cuales ser\u00e1n: atender las solicitudes de particulares; sistematizar y proporcionar la informaci\u00f3n obtenida sobre su identidad de origen en un marco de respeto y contenci\u00f3n; brindar asesoramiento y acompa\u00f1amiento integral y gratuito; requerir asistencia, asesoramiento y colaboraci\u00f3n del Servicio de Gen\u00e9tica Forense del STJ; propiciar la suscripci\u00f3n de convenios; requerir a las entidades obligadas que modifiquen o adecuen sus sistemas de informaci\u00f3n; articular con los organismos p\u00fablicos competentes y las asociaciones civiles, las acciones de b\u00fasqueda de hijos e hijas de desaparecidos y de personas nacidas durante el cautiverio de sus madres; intervenir en toda situaci\u00f3n en que se vea lesionado el derecho a la identidad de las personas; sistematizar y resguardar la informaci\u00f3n producida en las actuaciones tramitadas; dise\u00f1ar y ejecutar pol\u00edticas p\u00fablicas tendientes a concientizar a la ciudadan\u00eda acerca del derecho a la identidad y sus alcances; proporcionar al Poder Judicial y al Ministerio P\u00fablico asesoramiento t\u00e9cnico especializado en los asuntos relativos a la tem\u00e1tica de identidad de origen; entre otras funciones.<\/p>\n<p>Adem\u00e1s, seg\u00fan lo contempla este proyecto, las personas interesadas podr\u00e1n requerir, por derecho propio o a trav\u00e9s de la autoridad de aplicaci\u00f3n, la b\u00fasqueda, localizaci\u00f3n y entrega de informaci\u00f3n concerniente a la identidad de origen asentada en: a) Registros de entrada y salida de los hospitales; historias cl\u00ednicas de parturientas; libros de partos, de nacimientos, de neonatolog\u00eda y de defunciones, archivados en cualquier establecimiento sanitario de gesti\u00f3n p\u00fablica o privada; b) Registros de la Direcci\u00f3n del Registro del Estado Civil y Capacidad de las Personas; c) Registros del Consejo Provincial del Ni\u00f1o, el Adolescente y la Familia (Copnaf); d) Actas, legajos y expedientes administrativos y judiciales relativos a guarda, tutela, acogimiento y adopci\u00f3n de ni\u00f1os y ni\u00f1as de cualquier dependencia de los tres poderes del Estado Provincial y entes descentralizados, aut\u00e1rquicos y organismos municipales; e) Registros y expedientes de residencias de j\u00f3venes, internados de menores, congregaciones religiosas, patronatos y de todo establecimiento que disponga del servicio de internaci\u00f3n de personas menores de edad sea de gesti\u00f3n p\u00fablica o privada; f) Registros del Registro \u00danico de la Verdad, de la Subsecretaria de Derechos Humanos, dependiente del Ministerio de Gobierno y Justicia. Tambi\u00e9n comprende a todas las entidades privadas o p\u00fablicas -oficiales o mixtas- de la Provincia o de los municipios que tengan bajo su resguardo alg\u00fan tipo de registro vinculado con la identidad de las personas.<\/p>\n<p>El art\u00edculo 17\u00b0 de esta iniciativa prev\u00e9 la creaci\u00f3n de un \u00d3rgano de Revisi\u00f3n de Pol\u00edticas de Derecho a la Identidad de la Provincia de Entre R\u00edos,\u00a0 el que estar\u00e1 integrado por un representante titular y un representante suplente de los siguientes organismos: a) Ministerio de Salud; b) Consejo Provincial del Ni\u00f1o, el Adolescente y la Familia (Copnaf); c) Subsecretar\u00eda de Derechos Humanos; d) Direcci\u00f3n General del Registro del Estado Civil y Capacidad de las Personas; e) Ministerio P\u00fablico de la Defensa; f) Comisi\u00f3n de Derechos Humanos de la Honorable C\u00e1mara de Diputados; g) Organizaciones civiles con personer\u00eda jur\u00eddica abocadas a la defensa de los derechos humanos; h) Universidad Aut\u00f3noma de Entre R\u00edos y Universidad Nacional de Entre R\u00edos; i) Colegios de Profesionales de Abogados, Trabajadores Sociales y Psic\u00f3logos de Entre R\u00edos. Los integrantes ser\u00e1n designados por el Poder Ejecutivo a propuesta de los titulares de cada uno de los organismos que representan y ejercer\u00e1n sus funciones ad honorem por cuatro a\u00f1os, pudiendo ser designados indefinidamente.<\/p>\n","protected":false},"excerpt":{"rendered":"<p>La vicegobernadora y titular del Senado provincial, Laura Stratta, convoc\u00f3 para este mi\u00e9rcoles, a las 19, al primer debate virtual del cuerpo legislativo entrerriano. Esta decisi\u00f3n responde a la necesidad de adaptarse al contexto generado por las medidas preventivas del aislamiento social y obligatorio por la pandemia del COVID19, con la intenci\u00f3n de mantener el funcionamiento de la C\u00e1mara alta y garantizar la calidad institucional &nbsp; &nbsp; El debate, previsto para este mi\u00e9rcoles 29 de abril, a las 19, se realizar\u00e1 bajo la modalidad virtual y por videoconferencia con las&#8230;<\/p>\n","protected":false},"author":3,"featured_media":60768,"comment_status":"closed","ping_status":"closed","sticky":false,"template":"","format":"standard","meta":[],"categories":[15],"tags":[],"_links":{"self":[{"href":"https:\/\/www.actualidadadiario.com\/index.php\/wp-json\/wp\/v2\/posts\/60767"}],"collection":[{"href":"https:\/\/www.actualidadadiario.com\/index.php\/wp-json\/wp\/v2\/posts"}],"about":[{"href":"https:\/\/www.actualidadadiario.com\/index.php\/wp-json\/wp\/v2\/types\/post"}],"author":[{"embeddable":true,"href":"https:\/\/www.actualidadadiario.com\/index.php\/wp-json\/wp\/v2\/users\/3"}],"replies":[{"embeddable":true,"href":"https:\/\/www.actualidadadiario.com\/index.php\/wp-json\/wp\/v2\/comments?post=60767"}],"version-history":[{"count":1,"href":"https:\/\/www.actualidadadiario.com\/index.php\/wp-json\/wp\/v2\/posts\/60767\/revisions"}],"predecessor-version":[{"id":60769,"href":"https:\/\/www.actualidadadiario.com\/index.php\/wp-json\/wp\/v2\/posts\/60767\/revisions\/60769"}],"wp:featuredmedia":[{"embeddable":true,"href":"https:\/\/www.actualidadadiario.com\/index.php\/wp-json\/wp\/v2\/media\/60768"}],"wp:attachment":[{"href":"https:\/\/www.actualidadadiario.com\/index.php\/wp-json\/wp\/v2\/media?parent=60767"}],"wp:term":[{"taxonomy":"category","embeddable":true,"href":"https:\/\/www.actualidadadiario.com\/index.php\/wp-json\/wp\/v2\/categories?post=60767"},{"taxonomy":"post_tag","embeddable":true,"href":"https:\/\/www.actualidadadiario.com\/index.php\/wp-json\/wp\/v2\/tags?post=60767"}],"curies":[{"name":"wp","href":"https:\/\/api.w.org\/{rel}","templated":true}]}}