{"id":60764,"date":"2020-04-29T11:47:59","date_gmt":"2020-04-29T14:47:59","guid":{"rendered":"https:\/\/www.actualidadadiario.com\/?p=60764"},"modified":"2020-04-29T11:47:59","modified_gmt":"2020-04-29T14:47:59","slug":"no-se-evaluara-con-notas-numericas-el-aprendizaje-de-los-alumnos","status":"publish","type":"post","link":"https:\/\/www.actualidadadiario.com\/index.php\/2020\/04\/29\/no-se-evaluara-con-notas-numericas-el-aprendizaje-de-los-alumnos\/","title":{"rendered":"No se evaluar\u00e1 con notas num\u00e9ricas el aprendizaje de los alumnos"},"content":{"rendered":"<p style=\"text-align: center;\"><em><strong>Lo inform\u00f3 el director del Consejo General de Educaci\u00f3n (CGE), Mart\u00edn M\u00fcller, mediante un documento dirigido a la docencia entrerriana \u00b7 En consonancia con las directrices difundidas desde el Ministerio de Educaci\u00f3n de la Naci\u00f3n, el organismo public\u00f3 material para el abordaje de contenidos en el marco del aislamiento social, preventivo y obligatorio para evitar la propagaci\u00f3n del virus covid-19<\/strong><\/em><\/p>\n<p>&nbsp;<\/p>\n<p>&nbsp;<\/p>\n<p>&#8220;Hoy, en este contexto, una de las preocupaciones que nos moviliza es la referida a la evaluaci\u00f3n de los procesos de aprendizaje que los y las estudiantes han llevado a cabo. Entendemos que en esta complejidad la evaluaci\u00f3n excede a la calificaci\u00f3n, y que no necesariamente necesita de ella para comunicar la s\u00edntesis parcial de un proceso alcanzado a la distancia, mediante el enorme esfuerzo que realiza cada actor para seguir aprendiendo, ense\u00f1ando, acompa\u00f1ando y conteniendo a los ni\u00f1os, ni\u00f1as, adolescentes, j\u00f3venes y adultos&#8221;, se\u00f1al\u00f3 el titular del CGE, Mart\u00edn M\u00fcller en el documento enviado a la docencia entrerriana.<\/p>\n<p>\u201cSostenemos que m\u00e1s que nunca debemos mirar la trayectoria educativa y planificar para lograr intensificar los procesos pedag\u00f3gicos garantizando saberes una vez que podamos volver a las aulas\u201d, remarc\u00f3 adem\u00e1s.<\/p>\n<p>En otro tramo del texto, se establece que &#8220;en el marco de la evaluaci\u00f3n formativa, se continuar\u00e1 valorando aprendizajes que los y las estudiantes vienen realizando y acompa\u00f1ando esos procesos en todo este per\u00edodo, pero sin acreditaci\u00f3n de saberes ni calificaci\u00f3n trimestral que pudiera determinar niveles de rendimiento, ni decidir si se produce el \u00e9xito o fracaso&#8221;.<\/p>\n<p>En di\u00e1logo con R2820, la directora de la Departamental de Escuelas de Gualeguaych\u00fa, Marta Irazabal de Land\u00f3, ratific\u00f3 &#8220;este proceso de evaluaci\u00f3n de aprendizajes a distancia contar\u00e1 con una evaluaci\u00f3n formativa o sea cualitativa sin apreciaciones num\u00e9ricas. Lo dice muy claro el documento del CGE&#8221;.<\/p>\n","protected":false},"excerpt":{"rendered":"<p>Lo inform\u00f3 el director del Consejo General de Educaci\u00f3n (CGE), Mart\u00edn M\u00fcller, mediante un documento dirigido a la docencia entrerriana \u00b7 En consonancia con las directrices difundidas desde el Ministerio de Educaci\u00f3n de la Naci\u00f3n, el organismo public\u00f3 material para el abordaje de contenidos en el marco del aislamiento social, preventivo y obligatorio para evitar la propagaci\u00f3n del virus covid-19 &nbsp; &nbsp; &#8220;Hoy, en este contexto, una de las preocupaciones que nos moviliza es la referida a la evaluaci\u00f3n de los procesos de aprendizaje que los y las estudiantes han&#8230;<\/p>\n","protected":false},"author":3,"featured_media":60765,"comment_status":"closed","ping_status":"closed","sticky":false,"template":"","format":"standard","meta":[],"categories":[15],"tags":[],"_links":{"self":[{"href":"https:\/\/www.actualidadadiario.com\/index.php\/wp-json\/wp\/v2\/posts\/60764"}],"collection":[{"href":"https:\/\/www.actualidadadiario.com\/index.php\/wp-json\/wp\/v2\/posts"}],"about":[{"href":"https:\/\/www.actualidadadiario.com\/index.php\/wp-json\/wp\/v2\/types\/post"}],"author":[{"embeddable":true,"href":"https:\/\/www.actualidadadiario.com\/index.php\/wp-json\/wp\/v2\/users\/3"}],"replies":[{"embeddable":true,"href":"https:\/\/www.actualidadadiario.com\/index.php\/wp-json\/wp\/v2\/comments?post=60764"}],"version-history":[{"count":1,"href":"https:\/\/www.actualidadadiario.com\/index.php\/wp-json\/wp\/v2\/posts\/60764\/revisions"}],"predecessor-version":[{"id":60766,"href":"https:\/\/www.actualidadadiario.com\/index.php\/wp-json\/wp\/v2\/posts\/60764\/revisions\/60766"}],"wp:featuredmedia":[{"embeddable":true,"href":"https:\/\/www.actualidadadiario.com\/index.php\/wp-json\/wp\/v2\/media\/60765"}],"wp:attachment":[{"href":"https:\/\/www.actualidadadiario.com\/index.php\/wp-json\/wp\/v2\/media?parent=60764"}],"wp:term":[{"taxonomy":"category","embeddable":true,"href":"https:\/\/www.actualidadadiario.com\/index.php\/wp-json\/wp\/v2\/categories?post=60764"},{"taxonomy":"post_tag","embeddable":true,"href":"https:\/\/www.actualidadadiario.com\/index.php\/wp-json\/wp\/v2\/tags?post=60764"}],"curies":[{"name":"wp","href":"https:\/\/api.w.org\/{rel}","templated":true}]}}