{"id":60761,"date":"2020-04-29T11:47:18","date_gmt":"2020-04-29T14:47:18","guid":{"rendered":"https:\/\/www.actualidadadiario.com\/?p=60761"},"modified":"2020-04-29T11:47:18","modified_gmt":"2020-04-29T14:47:18","slug":"el-senado-adhirio-al-decreto-de-bordet-para-la-nueva-etapa-de-aislamiento-social","status":"publish","type":"post","link":"https:\/\/www.actualidadadiario.com\/index.php\/2020\/04\/29\/el-senado-adhirio-al-decreto-de-bordet-para-la-nueva-etapa-de-aislamiento-social\/","title":{"rendered":"El Senado adhiri\u00f3 al decreto de Bordet para la nueva etapa de aislamiento social"},"content":{"rendered":"<p style=\"text-align: center;\"><em><strong>La C\u00e1mara de Senadores de Entre R\u00edos acompa\u00f1\u00f3 las disposiciones del gobierno provincial, que dispuso la ampliaci\u00f3n del asueto administrativo hasta el 10 de mayo. Se trata de un nuevo per\u00edodo del aislamiento social, preventivo y obligatorio<\/strong><\/em><\/p>\n<p>&nbsp;<\/p>\n<p>&nbsp;<\/p>\n<p>La presidenta del Senado provincial, Laura Stratta, adhiri\u00f3 a trav\u00e9s del decreto 58 con fecha 27 de abril, al decreto del 602 del gobernador Gustavo Bordet, que ampl\u00eda el receso administrativo hasta el 10 de mayo, de acuerdo a los alcances de los Decretos 297\/20, 325\/20 y 355\/20 y 408\/20 dictados por el Poder Ejecutivo Nacional que establecieron, entre otras medidas, el aislamiento social, preventivo y obligatorio, medida excepcional que el Gobierno nacional adopt\u00f3 en un contexto cr\u00edtico.<\/p>\n","protected":false},"excerpt":{"rendered":"<p>La C\u00e1mara de Senadores de Entre R\u00edos acompa\u00f1\u00f3 las disposiciones del gobierno provincial, que dispuso la ampliaci\u00f3n del asueto administrativo hasta el 10 de mayo. Se trata de un nuevo per\u00edodo del aislamiento social, preventivo y obligatorio &nbsp; &nbsp; La presidenta del Senado provincial, Laura Stratta, adhiri\u00f3 a trav\u00e9s del decreto 58 con fecha 27 de abril, al decreto del 602 del gobernador Gustavo Bordet, que ampl\u00eda el receso administrativo hasta el 10 de mayo, de acuerdo a los alcances de los Decretos 297\/20, 325\/20 y 355\/20 y 408\/20 dictados&#8230;<\/p>\n","protected":false},"author":3,"featured_media":60762,"comment_status":"closed","ping_status":"closed","sticky":false,"template":"","format":"standard","meta":[],"categories":[15],"tags":[],"_links":{"self":[{"href":"https:\/\/www.actualidadadiario.com\/index.php\/wp-json\/wp\/v2\/posts\/60761"}],"collection":[{"href":"https:\/\/www.actualidadadiario.com\/index.php\/wp-json\/wp\/v2\/posts"}],"about":[{"href":"https:\/\/www.actualidadadiario.com\/index.php\/wp-json\/wp\/v2\/types\/post"}],"author":[{"embeddable":true,"href":"https:\/\/www.actualidadadiario.com\/index.php\/wp-json\/wp\/v2\/users\/3"}],"replies":[{"embeddable":true,"href":"https:\/\/www.actualidadadiario.com\/index.php\/wp-json\/wp\/v2\/comments?post=60761"}],"version-history":[{"count":1,"href":"https:\/\/www.actualidadadiario.com\/index.php\/wp-json\/wp\/v2\/posts\/60761\/revisions"}],"predecessor-version":[{"id":60763,"href":"https:\/\/www.actualidadadiario.com\/index.php\/wp-json\/wp\/v2\/posts\/60761\/revisions\/60763"}],"wp:featuredmedia":[{"embeddable":true,"href":"https:\/\/www.actualidadadiario.com\/index.php\/wp-json\/wp\/v2\/media\/60762"}],"wp:attachment":[{"href":"https:\/\/www.actualidadadiario.com\/index.php\/wp-json\/wp\/v2\/media?parent=60761"}],"wp:term":[{"taxonomy":"category","embeddable":true,"href":"https:\/\/www.actualidadadiario.com\/index.php\/wp-json\/wp\/v2\/categories?post=60761"},{"taxonomy":"post_tag","embeddable":true,"href":"https:\/\/www.actualidadadiario.com\/index.php\/wp-json\/wp\/v2\/tags?post=60761"}],"curies":[{"name":"wp","href":"https:\/\/api.w.org\/{rel}","templated":true}]}}