{"id":60758,"date":"2020-04-29T11:46:36","date_gmt":"2020-04-29T14:46:36","guid":{"rendered":"https:\/\/www.actualidadadiario.com\/?p=60758"},"modified":"2020-04-29T11:46:36","modified_gmt":"2020-04-29T14:46:36","slug":"comisiones-de-la-camara-de-diputados-avanzaron-en-el-trabajo-legislativo","status":"publish","type":"post","link":"https:\/\/www.actualidadadiario.com\/index.php\/2020\/04\/29\/comisiones-de-la-camara-de-diputados-avanzaron-en-el-trabajo-legislativo\/","title":{"rendered":"Comisiones de la C\u00e1mara de Diputados avanzaron en el trabajo legislativo"},"content":{"rendered":"<p style=\"text-align: center;\"><em><strong>Este martes se llevaron a cabo las reuniones de las Comisiones de Legislaci\u00f3n General y Asuntos Constitucionales, Juicio Pol\u00edtico y Peticiones, Poderes y Reglamento, de manera conjunta y la Comisi\u00f3n de Trabajo de la C\u00e1mara de Diputados. Se analizaron diferentes proyectos, algunos de los cuales fueron ingresados en la \u00faltima sesi\u00f3n del pasado jueves 23 de abril, que se llev\u00f3 a cabo de manera mixta a trav\u00e9s de una plataforma virtual -cumpliendo las condiciones del aislamiento social, preventivo y obligatorio por la pandemia de coronavirus- y que ser\u00e1n debatidos en las pr\u00f3ximas reuniones<\/strong><\/em><\/p>\n<p>&nbsp;<\/p>\n<p>Este martes tuvo continuidad la tarea legislativa de la C\u00e1mara de Diputados, con el desarrollo de las reuniones de Comisiones de Legislaci\u00f3n General y Asuntos Constitucionales, Juicio Pol\u00edtico y Peticiones, Poderes y Reglamento, de manera conjunta y la Comisi\u00f3n de Trabajo.<\/p>\n<p>La primera de ellas estuvo presidida por la diputada Carina Ramos y el diputado Diego Lara, titulares de ambas comisiones, con la integraci\u00f3n de Gustavo Zavallo, Gracia Jaroslavsky, Jos\u00e9 C\u00e1ceres, Mariana Farf\u00e1n, Juan Navarro, Juan Pablo Cosso, Nicol\u00e1s Mattiauda, Esteban Vitor, Ayel\u00e9n Acosta, Jorge Satto, Sara Foletto, Juli\u00e1n Maneiro, Manuel Troncoso y Sergio Castrill\u00f3n, quienes analizaron los expedientes 21037 sobre un proyecto de Ley de \u00c9tica P\u00fablica -venido en revisi\u00f3n del Senado-, y el 23652 sobre un proyecto de Ley sobre la Org\u00e1nica del Colegio de Profesionales de la Abogac\u00eda de Entre R\u00edos.<\/p>\n<p>Posteriormente se desarroll\u00f3 la reuni\u00f3n de la Comisi\u00f3n de Trabajo, con la presidencia del diputado Manuel Troncoso y la integraci\u00f3n de Jos\u00e9 Kramer, Mariana Farf\u00e1n, Juan Navarro, Eduardo Solari y Juan Manuel Huss.<\/p>\n<p>En esta oportunidad se trabaj\u00f3 sobre cuatro proyectos relativos a licencias especiales para estudios cl\u00ednicos y sobre la creaci\u00f3n de un programa de inserci\u00f3n y reinserci\u00f3n laboral para personas desocupadas adultas.<\/p>\n<p>En este sentido se trataron los expedientes 23.180 y 23.348, proyectos que proponen una licencia remunerada para someterse a ex\u00e1menes cl\u00ednicos de colonoscop\u00eda, papanicolau y mamograf\u00eda para empleadas p\u00fablicas, y el reconocimiento de un d\u00eda h\u00e1bil al a\u00f1o como licencia especial para estudios espec\u00edficos.<\/p>\n<p>Tambi\u00e9n se trabaj\u00f3 sobre los expedientes 23.575 y 23.907 que disponen la creaci\u00f3n de un programa de inserci\u00f3n y reinserci\u00f3n laboral para personas adultas desocupadas en la provincia de Entre R\u00edos.<\/p>\n<p>Cabe se\u00f1alar que los proyectos debatidos este martes, ya vienen siendo debatidos, con aportes sustanciales realizados por las y los legisladores, a trav\u00e9s de la plataforma virtual de manera escrita, de acuerdo a los plazos establecidos de inicio y cierre para introducir propuestas. Las reuniones contaron con la asistencia t\u00e9cnica de trabajadores de las \u00e1reas de Comisiones, Modernizaci\u00f3n y Comunicaci\u00f3n.<\/p>\n","protected":false},"excerpt":{"rendered":"<p>Este martes se llevaron a cabo las reuniones de las Comisiones de Legislaci\u00f3n General y Asuntos Constitucionales, Juicio Pol\u00edtico y Peticiones, Poderes y Reglamento, de manera conjunta y la Comisi\u00f3n de Trabajo de la C\u00e1mara de Diputados. Se analizaron diferentes proyectos, algunos de los cuales fueron ingresados en la \u00faltima sesi\u00f3n del pasado jueves 23 de abril, que se llev\u00f3 a cabo de manera mixta a trav\u00e9s de una plataforma virtual -cumpliendo las condiciones del aislamiento social, preventivo y obligatorio por la pandemia de coronavirus- y que ser\u00e1n debatidos en&#8230;<\/p>\n","protected":false},"author":3,"featured_media":60759,"comment_status":"closed","ping_status":"closed","sticky":false,"template":"","format":"standard","meta":[],"categories":[15],"tags":[],"_links":{"self":[{"href":"https:\/\/www.actualidadadiario.com\/index.php\/wp-json\/wp\/v2\/posts\/60758"}],"collection":[{"href":"https:\/\/www.actualidadadiario.com\/index.php\/wp-json\/wp\/v2\/posts"}],"about":[{"href":"https:\/\/www.actualidadadiario.com\/index.php\/wp-json\/wp\/v2\/types\/post"}],"author":[{"embeddable":true,"href":"https:\/\/www.actualidadadiario.com\/index.php\/wp-json\/wp\/v2\/users\/3"}],"replies":[{"embeddable":true,"href":"https:\/\/www.actualidadadiario.com\/index.php\/wp-json\/wp\/v2\/comments?post=60758"}],"version-history":[{"count":1,"href":"https:\/\/www.actualidadadiario.com\/index.php\/wp-json\/wp\/v2\/posts\/60758\/revisions"}],"predecessor-version":[{"id":60760,"href":"https:\/\/www.actualidadadiario.com\/index.php\/wp-json\/wp\/v2\/posts\/60758\/revisions\/60760"}],"wp:featuredmedia":[{"embeddable":true,"href":"https:\/\/www.actualidadadiario.com\/index.php\/wp-json\/wp\/v2\/media\/60759"}],"wp:attachment":[{"href":"https:\/\/www.actualidadadiario.com\/index.php\/wp-json\/wp\/v2\/media?parent=60758"}],"wp:term":[{"taxonomy":"category","embeddable":true,"href":"https:\/\/www.actualidadadiario.com\/index.php\/wp-json\/wp\/v2\/categories?post=60758"},{"taxonomy":"post_tag","embeddable":true,"href":"https:\/\/www.actualidadadiario.com\/index.php\/wp-json\/wp\/v2\/tags?post=60758"}],"curies":[{"name":"wp","href":"https:\/\/api.w.org\/{rel}","templated":true}]}}