{"id":60753,"date":"2020-04-29T11:45:07","date_gmt":"2020-04-29T14:45:07","guid":{"rendered":"https:\/\/www.actualidadadiario.com\/?p=60753"},"modified":"2020-04-29T11:45:07","modified_gmt":"2020-04-29T14:45:07","slug":"la-pymes-entrerrianas-recibiran-los-fondos-de-asistencia-al-trabajo-y-la-produccion","status":"publish","type":"post","link":"https:\/\/www.actualidadadiario.com\/index.php\/2020\/04\/29\/la-pymes-entrerrianas-recibiran-los-fondos-de-asistencia-al-trabajo-y-la-produccion\/","title":{"rendered":"La pymes entrerrianas recibir\u00e1n los fondos de asistencia al trabajo y la producci\u00f3n"},"content":{"rendered":"<p style=\"text-align: center;\"><em><strong>Las peque\u00f1as empresas entrerrianas recibir\u00e1n la semana pr\u00f3xima los fondos de compensaci\u00f3n salarial. Ese beneficio de emergencia por el coronavirus se percibir\u00e1 trav\u00e9s de los CBU de los empleados que informaron las pymes<\/strong><\/em><\/p>\n<p>&nbsp;<\/p>\n<p>&nbsp;<\/p>\n<p>El secretario de Desarrollo Econ\u00f3mico y Emprendedor del Ministerio de Producci\u00f3n, Pedro Gebhart, inform\u00f3 que la pr\u00f3xima semana comenzar\u00e1n los desembolsos para las pymes que se inscribieron en el Programa de Asistencia para el Trabajo y la Producci\u00f3n (ATP). Detall\u00f3 que la efectivizaci\u00f3n de los fondos ser\u00e1 a trav\u00e9s de los CBU de los empleados que ha informado cada pyme.<\/p>\n<p>Aclar\u00f3 luego que m\u00e1s del 82 por ciento de las pymes, que son m\u00e1s de 400.000 en toda la Argentina, accedi\u00f3 al beneficio de la compensaci\u00f3n salarial y la postergaci\u00f3n y reducci\u00f3n de hasta el 95 por ciento de contribuciones patronales. &#8220;Es el mismo porcentaje que se da en nuestra provincia&#8221;, indic\u00f3.<\/p>\n<p>&nbsp;<\/p>\n<p><strong>Cr\u00e9ditos<\/strong><\/p>\n<p>Se refiri\u00f3 adem\u00e1s a los cr\u00e9ditos que se dar\u00e1n a monotributistas y aut\u00f3nomos, y dijo que se dieron a conocer los requisitos para poder acceder a los mismos. Indic\u00f3 que los interesados se podr\u00e1n inscribir a trav\u00e9s de la p\u00e1gina AFIP a partir de la semana pr\u00f3xima.<\/p>\n<p>Se refiri\u00f3 luego a quienes pueden acceder a este beneficio y explic\u00f3 que pueden haber sido beneficiarios del ingreso familiar de emergencia, que no tienen que haber sido proveedores del Estado ni recibir ingresos por un trabajo en dependencia y tampoco pueden ser jubilados.<\/p>\n<p>El monto m\u00e1ximo de estos cr\u00e9ditos ser\u00e1 de 150.000 pesos y depender\u00e1 del l\u00edmite m\u00e1ximo que tengan de facturaci\u00f3n, siendo hasta el 25 por ciento de facturaci\u00f3n el l\u00edmite m\u00e1ximo de la categor\u00eda en la que est\u00e9n inscriptos los solicitantes. Detall\u00f3 que los mismos requisitos son para los aut\u00f3nomos, con la diferencia que aquellos que son aut\u00f3nomos tienen que estar inscriptos como monotributistas.<\/p>\n<p>Inform\u00f3 luego que tambi\u00e9n se trabaja con m\u00e1s de 50 pymes de la provincia de Entre R\u00edos con la l\u00ednea de financiamiento del BICE con tasa del 19 por ciento, con seis meses de gracia y 12 meses para la devoluci\u00f3n. &#8220;Esta l\u00ednea de financiamiento se encuentra abierta. Hay m\u00e1s de 12 pymes que est\u00e1n llenando estos formularios para acceder a ellos. Todo esto se tramita y requiere el aval de un SGR&#8221;, indic\u00f3 Gebhart.<\/p>\n<p>Por otro lado, mencion\u00f3 los cr\u00e9ditos de tasa del 24 por ciento, instrumentado a trav\u00e9s de las entidades bancarias. Dijo que estos tienen tres meses de gracia y un plazo de devoluci\u00f3n del 12 meses, y son garantizados por el Fondo de Garant\u00edas de Argentina (Fogar). Apunt\u00f3 que \u00e9stos no han tenido la r\u00e1pida implementaci\u00f3n que se deseaba, y agreg\u00f3 que por eso se ha puesto a disposici\u00f3n en la p\u00e1gina del Ministerio de Producci\u00f3n, www.entrerios.gov.ar\/minpro, un formulario para que puedan realizar los reclamos las Pymes que no han podido acceder o les han pedido requisitos de m\u00e1s en las entidades bancarias.<\/p>\n<p>Asimismo, inform\u00f3 &#8220;que hasta la fecha a nivel nacional m\u00e1s de 75.000 Pymes han podido acceder a estos cr\u00e9ditos, por los cuales han desembolsado m\u00e1s de 132.929 millones de pesos y 23.863 se encuentran en tr\u00e1mite de aprobaci\u00f3n&#8221;.<\/p>\n<p>Por \u00faltimo, coment\u00f3 que desde el programa de Asistencia a la Comercializaci\u00f3n online, que se trabaja desde el Ministerio de Producci\u00f3n, se est\u00e1 capacitando y asesorando a m\u00e1s de 200 pymes, comercios, industrias de la provincia. Adelant\u00f3 que habr\u00e1 una segunda etapa y manifest\u00f3 que &#8220;m\u00e1s de 600 pymes, industrias y comercios de la provincia est\u00e1n en contacto continuo con nosotros&#8221;.<\/p>\n","protected":false},"excerpt":{"rendered":"<p>Las peque\u00f1as empresas entrerrianas recibir\u00e1n la semana pr\u00f3xima los fondos de compensaci\u00f3n salarial. Ese beneficio de emergencia por el coronavirus se percibir\u00e1 trav\u00e9s de los CBU de los empleados que informaron las pymes &nbsp; &nbsp; El secretario de Desarrollo Econ\u00f3mico y Emprendedor del Ministerio de Producci\u00f3n, Pedro Gebhart, inform\u00f3 que la pr\u00f3xima semana comenzar\u00e1n los desembolsos para las pymes que se inscribieron en el Programa de Asistencia para el Trabajo y la Producci\u00f3n (ATP). Detall\u00f3 que la efectivizaci\u00f3n de los fondos ser\u00e1 a trav\u00e9s de los CBU de los empleados&#8230;<\/p>\n","protected":false},"author":3,"featured_media":60754,"comment_status":"closed","ping_status":"closed","sticky":false,"template":"","format":"standard","meta":[],"categories":[15],"tags":[],"_links":{"self":[{"href":"https:\/\/www.actualidadadiario.com\/index.php\/wp-json\/wp\/v2\/posts\/60753"}],"collection":[{"href":"https:\/\/www.actualidadadiario.com\/index.php\/wp-json\/wp\/v2\/posts"}],"about":[{"href":"https:\/\/www.actualidadadiario.com\/index.php\/wp-json\/wp\/v2\/types\/post"}],"author":[{"embeddable":true,"href":"https:\/\/www.actualidadadiario.com\/index.php\/wp-json\/wp\/v2\/users\/3"}],"replies":[{"embeddable":true,"href":"https:\/\/www.actualidadadiario.com\/index.php\/wp-json\/wp\/v2\/comments?post=60753"}],"version-history":[{"count":1,"href":"https:\/\/www.actualidadadiario.com\/index.php\/wp-json\/wp\/v2\/posts\/60753\/revisions"}],"predecessor-version":[{"id":60755,"href":"https:\/\/www.actualidadadiario.com\/index.php\/wp-json\/wp\/v2\/posts\/60753\/revisions\/60755"}],"wp:featuredmedia":[{"embeddable":true,"href":"https:\/\/www.actualidadadiario.com\/index.php\/wp-json\/wp\/v2\/media\/60754"}],"wp:attachment":[{"href":"https:\/\/www.actualidadadiario.com\/index.php\/wp-json\/wp\/v2\/media?parent=60753"}],"wp:term":[{"taxonomy":"category","embeddable":true,"href":"https:\/\/www.actualidadadiario.com\/index.php\/wp-json\/wp\/v2\/categories?post=60753"},{"taxonomy":"post_tag","embeddable":true,"href":"https:\/\/www.actualidadadiario.com\/index.php\/wp-json\/wp\/v2\/tags?post=60753"}],"curies":[{"name":"wp","href":"https:\/\/api.w.org\/{rel}","templated":true}]}}