{"id":60738,"date":"2020-04-27T13:08:06","date_gmt":"2020-04-27T16:08:06","guid":{"rendered":"https:\/\/www.actualidadadiario.com\/?p=60738"},"modified":"2020-04-27T13:08:06","modified_gmt":"2020-04-27T16:08:06","slug":"efecto-coronavirus-francia-registro-un-aumento-historico-del-desempleo","status":"publish","type":"post","link":"https:\/\/www.actualidadadiario.com\/index.php\/2020\/04\/27\/efecto-coronavirus-francia-registro-un-aumento-historico-del-desempleo\/","title":{"rendered":"Efecto coronavirus: Francia registr\u00f3 un aumento hist\u00f3rico del desempleo"},"content":{"rendered":"<p style=\"text-align: center;\"><em><strong>El desempleo subi\u00f3 7,1% en marzo y alcanz\u00f3 a m\u00e1s de 3,7 millones de personas en toda Francia como consecuencia de la pandemia<\/strong><\/em><\/p>\n<p>&nbsp;<\/p>\n<p>&nbsp;<\/p>\n<p>El n\u00famero de desempleados (categor\u00eda A) en Francia registr\u00f3 un aumento hist\u00f3rico durante un mes, en marzo (246.100, o sea, +7,1%), alcanzando a 3.732.000 de personas, indic\u00f3 P\u00f4le Emploi, agencia p\u00fablica del empleo, en otra consecuencia de la crisis desencadenada por el coronavirus.<\/p>\n<p>No obstante, durante el primer trimestre de este a\u00f1o, el aumento permaneci\u00f3 siendo leve (+0,7%, 3.576.000 personas), dado que se hab\u00eda reducido notablemente en enero y febrero.<\/p>\n<p>Como consecuencia de una disminuci\u00f3n clara en el n\u00famero de solicitantes de empleos con actividad reducida (categor\u00edas B y C), los efectivos A, B y C aumentaron de manera menos brusca en marzo en Francia (177.500, o sea, +3,1%); manteni\u00e9ndose estable, en 5.744.000.<\/p>\n<p>&#8220;Habida cuenta del car\u00e1cter excepcional de la situaci\u00f3n actual&#8221;, P\u00f4le Emploi y Dares (servicio de estad\u00edsticas del ministerio de Trabajo) publicaron, adem\u00e1s de las cifras trimestrales, &#8220;una nota sobre la evoluci\u00f3n registrada s\u00f3lo durante el mes de marzo&#8221;.<\/p>\n<p>&#8220;Las solicitudes para empleos interinos y contratos cortos est\u00e1n aumentando, puesto que la imposici\u00f3n del confinamiento por coronavirus dio lugar tanto a las no renovaciones como a registrarse menos nuevos contratos a corto plazo&#8221;, explicaron desde el Gobierno.<\/p>\n<p>Unas 863.000 compa\u00f1\u00edas en Francia impusieron a 10,8 millones de trabajadores permisos retribuidos por el Estado, lo que supone m\u00e1s de uno de cada dos empleados del sector privado. El ejecutivo de Emmanuel Macron est\u00e1 financiando estos pagos para evitar los despidos masivos con car\u00e1cter permanente que elevar\u00edan a\u00fan m\u00e1s la tasa de desempleo.<\/p>\n<p>Entre los sectores m\u00e1s afectados se encuentran la industria hotelera y la de la restauraci\u00f3n, as\u00ed como la de la construcci\u00f3n, donde 9 de cada 10 trabajadores est\u00e1n parcialmente desempleados.<\/p>\n","protected":false},"excerpt":{"rendered":"<p>El desempleo subi\u00f3 7,1% en marzo y alcanz\u00f3 a m\u00e1s de 3,7 millones de personas en toda Francia como consecuencia de la pandemia &nbsp; &nbsp; El n\u00famero de desempleados (categor\u00eda A) en Francia registr\u00f3 un aumento hist\u00f3rico durante un mes, en marzo (246.100, o sea, +7,1%), alcanzando a 3.732.000 de personas, indic\u00f3 P\u00f4le Emploi, agencia p\u00fablica del empleo, en otra consecuencia de la crisis desencadenada por el coronavirus. No obstante, durante el primer trimestre de este a\u00f1o, el aumento permaneci\u00f3 siendo leve (+0,7%, 3.576.000 personas), dado que se hab\u00eda reducido&#8230;<\/p>\n","protected":false},"author":3,"featured_media":60739,"comment_status":"closed","ping_status":"closed","sticky":false,"template":"","format":"standard","meta":[],"categories":[4],"tags":[],"_links":{"self":[{"href":"https:\/\/www.actualidadadiario.com\/index.php\/wp-json\/wp\/v2\/posts\/60738"}],"collection":[{"href":"https:\/\/www.actualidadadiario.com\/index.php\/wp-json\/wp\/v2\/posts"}],"about":[{"href":"https:\/\/www.actualidadadiario.com\/index.php\/wp-json\/wp\/v2\/types\/post"}],"author":[{"embeddable":true,"href":"https:\/\/www.actualidadadiario.com\/index.php\/wp-json\/wp\/v2\/users\/3"}],"replies":[{"embeddable":true,"href":"https:\/\/www.actualidadadiario.com\/index.php\/wp-json\/wp\/v2\/comments?post=60738"}],"version-history":[{"count":1,"href":"https:\/\/www.actualidadadiario.com\/index.php\/wp-json\/wp\/v2\/posts\/60738\/revisions"}],"predecessor-version":[{"id":60740,"href":"https:\/\/www.actualidadadiario.com\/index.php\/wp-json\/wp\/v2\/posts\/60738\/revisions\/60740"}],"wp:featuredmedia":[{"embeddable":true,"href":"https:\/\/www.actualidadadiario.com\/index.php\/wp-json\/wp\/v2\/media\/60739"}],"wp:attachment":[{"href":"https:\/\/www.actualidadadiario.com\/index.php\/wp-json\/wp\/v2\/media?parent=60738"}],"wp:term":[{"taxonomy":"category","embeddable":true,"href":"https:\/\/www.actualidadadiario.com\/index.php\/wp-json\/wp\/v2\/categories?post=60738"},{"taxonomy":"post_tag","embeddable":true,"href":"https:\/\/www.actualidadadiario.com\/index.php\/wp-json\/wp\/v2\/tags?post=60738"}],"curies":[{"name":"wp","href":"https:\/\/api.w.org\/{rel}","templated":true}]}}