{"id":60736,"date":"2020-04-27T13:07:26","date_gmt":"2020-04-27T16:07:26","guid":{"rendered":"https:\/\/www.actualidadadiario.com\/?p=60736"},"modified":"2020-04-27T13:07:26","modified_gmt":"2020-04-27T16:07:26","slug":"el-impeachment-la-sombra-que-comienza-a-envolver-a-bolsonaro","status":"publish","type":"post","link":"https:\/\/www.actualidadadiario.com\/index.php\/2020\/04\/27\/el-impeachment-la-sombra-que-comienza-a-envolver-a-bolsonaro\/","title":{"rendered":"El impeachment, la sombra que comienza a envolver a Bolsonaro"},"content":{"rendered":"<p style=\"text-align: center;\"><em><strong>El presidente, en su hora de mayor debilidad. \u00bf\u00c9xodo en el gabinete? Mandetta, Moro&#8230; \u00bfGuedes? El mercado desconf\u00eda. La bomba del exjuez de la Lava Jato y causales de juicio pol\u00edtico. A atrincherarse en el n\u00facleo duro<\/strong><\/em><\/p>\n<p>&nbsp;<\/p>\n<p>&nbsp;<\/p>\n<p>La imagen de Jair Bolsonaro el \u00faltimo viernes, cuando sali\u00f3 a refutar en TV las acusaciones de Sergio Moro, quien acababa de renunciar al Ministerio de Justicia en medio de graves acusaciones, no pod\u00eda transmitir mayor soledad. Cuando un jefe de Estado le habla a la poblaci\u00f3n rodeado de sus ministros, lo que intenta es mostrar apoyo y se sabe que el alarde suele ser producto de la carencia. Mientras, medio Brasil caceroleaba en su contra y pol\u00edticos opositores y especialistas en derecho especulaban sobre un posible proceso de impeachment.<\/p>\n<p>La postal del presidente de Brasil rodeado de sus asesores ten\u00eda, adem\u00e1s, una perla. Tras la traum\u00e1tica salida de sus dos ministros m\u00e1s populares, primero el ex de Salud, Luiz Henrique Mandetta, y luego Moro, todos los ojos se posan en uno que, si bien no goza de las mieles del amor popular s\u00ed cuenta con el aval del mercado financiero: el de Econom\u00eda, Paulo Guedes. Y Guedes se destac\u00f3 entre sus pares: \u00fanico en usar barbijo (todo un gesto de rebeld\u00eda ante un mandatario negacionista sobre los peligros del Covid-19), no llevaba saco ni corbata y hasta parec\u00eda no tener puestos los zapatos. Luego se aclar\u00f3 que lo que se le ve\u00eda no eran las medias sino una zapatillas muy livianas\u2026 Finalmente, cuando Bolsonaro hubo terminado de hablar, Guedes dud\u00f3 y, en medio de los aplausos de sus pares, decidi\u00f3 dedicarle uno. Uno, literalmente.<\/p>\n<p>Con su dimisi\u00f3n, Moro abri\u00f3 una caja de Pandora que, si la hemorragia no resultara contenida, en hip\u00f3tesis podr\u00eda terminar con Bolsonaro fuera del Palacio del Planalto. Probar\u00eda en ese caso la misma cicuta que contribuy\u00f3 a acercarle en 2016 a Dilma Rousseff.<\/p>\n<p>El exjuez de la operaci\u00f3n Lava Jato contra la corrupci\u00f3n hizo m\u00e1s que denunciar una intervenci\u00f3n en su \u00e1rea, algo legal pero que, seg\u00fan explic\u00f3, no se correspond\u00eda con el pacto de caballeros al que llegaron cuando decidi\u00f3 sumarse al Gobierno de ultraderecha. Dijo que la remoci\u00f3n del titular de la Polic\u00eda Federal (PF), Mauricio Valeixo, hombre de Moro, respondi\u00f3 al deseo del presidente de contar con informaci\u00f3n de inteligencia y sobre causas sensibles para su entorno.<\/p>\n<p>Es m\u00e1s, horas despu\u00e9s Moro divulg\u00f3 tramos de un chat de WhatsApp con el jefe de Estado en el que este le envi\u00f3 el enlace de un art\u00edculo de O Globo sobre una investigaci\u00f3n de la PF sobre \u201cdiez a doce diputados bolsonaristas, m\u00e1s empresarios, a quienes se les levant\u00f3 el secreto bancario y a quienes la Polic\u00eda Federal estaba a punto de hacer b\u00fasqueda y captura en sus domicilios cuando lleg\u00f3 la cuarentena\u201d. \u201cUn motivo m\u00e1s para el cambio\u201d de Valeixo, le dijo el presidente a un hombre que, si en algo es especialista, es el filtrar a la prensa informaciones que comprometen a sus enemigos.<\/p>\n<p>Todo eso y m\u00e1s (\u00bfy lo que a\u00fan saldr\u00e1 del tel\u00e9fono de Moro?) bien puede ser considerado un \u201ccrimen de responsabilidad\u201d, la figura que, seg\u00fan la Constituci\u00f3n, amerita un impeachment. La figura es vaga, pero casi todo entra en la laxa definici\u00f3n de \u201cviolaci\u00f3n del decoro\u201d.<\/p>\n<p>Por lo pronto, el procurador general de la Rep\u00fablica, Augusto Aras, ya pidi\u00f3 permiso al Supremo Tribunal Federal (STF) para investigar las denuncias que Moro dej\u00f3 caer casi descuidadamente.<\/p>\n<p>\u00bfBolsonaro cometi\u00f3 prevaricato, esto es una actuaci\u00f3n conscientemente ilegal para un beneficio personal? \u00bfCrimen de defensa administrativa, es decir la defensa de un inter\u00e9s privado por encima de su condici\u00f3n de servidor p\u00fablico? \u00bfObstrucci\u00f3n de justicia? \u00bfFalsedad ideol\u00f3gica acaso, por haber publicado el decreto de destituci\u00f3n de Valeixo con la firma electr\u00f3nica de Moro, algo que este neg\u00f3 y que, al ser corregido en el bolet\u00edn oficial, implic\u00f3 una admisi\u00f3n de, al menos, un error grave?<\/p>\n<p>La crisis en Brasil amenaza con ser total. Adem\u00e1s de pol\u00edtica, tambi\u00e9n ser\u00e1 econ\u00f3mica por el impacto de la pandemia. Tal vez institucional, como se dijo, si la sangre llega al r\u00edo del juicio pol\u00edtico. \u00bfTambi\u00e9n financiera?<\/p>\n<p>Al calor de la salida ruidosa de Moro y de versiones sobre una posible renuncia de Guedes, la Bolsa de San Pablo cay\u00f3 el viernes 5,45% y el real perdi\u00f3 2,33% m\u00e1s, hasta alcanzar un nivel de 5,65 por d\u00f3lar.<\/p>\n<p>El mercado sabe que su campe\u00f3n libra una lucha solitaria en el gabinete: la defensa de la austeridad fiscal en momentos en que Bolsonaro apura, sin siquiera haberle avisado de su lanzamiento, el plan Pro Brasil de obra p\u00fablica, que el ministro de Desarrollo Regional, Rog\u00e9rio Marinho, quiere elevar a 185.000 millones de reales (casi 33.000 millones de d\u00f3lares) hasta 2024.<\/p>\n<p>La compa\u00f1\u00eda tampoco ayuda al presidente. A los problemas que suelen traerle sus hijos, en las \u00faltimas horas Folha de S\u00e3o Paulo sum\u00f3 la novedad de que el concejal carioca Carlos Bolsonaro, supuesto responsable del llamado \u201cgabinete del odio\u201d, es el responsable de un amplio esquema ilegal de diseminaci\u00f3n de falsas a favor del Gobierno y en contra de sus cr\u00edticos en las redes sociales.<\/p>\n<p>Una encuesta telef\u00f3nica de Ideia Big Data dijo ayer que el 65% de los consultados cree que las acusaciones de Moro son ciertas. En tanto, ese n\u00facleo duro bolsonarista del 35% las rechaza.<\/p>\n<p>Es dif\u00edcil destituir a un presidente que conserva un apoyo de ese nivel, minoritario, s\u00ed, pero considerable. Es por eso que sus detractores de la izquierda no atinan a unirse en un proyecto de juicio pol\u00edtico unificado y que Fernando Henrique Cardoso, un hombre de experiencia, le ha pedido que renuncie \u201cpara ahorrarnos un impeachment\u201d traum\u00e1tico.<\/p>\n<p>Las acciones de las partes en guerra son previsibles. El presidente se mostrar\u00e1 cada vez m\u00e1s volcado a la ultraderecha para seguir cultivando el respaldo de una minor\u00eda considerable que es hoy su mejor vacuna contra un impeachment. Sus enemigos, en tanto, con la prensa m\u00e1s influyente como vanguardia, lo esmerilar\u00e1 d\u00eda a d\u00eda con nuevas denuncias de todo tipo, esas de las que el clan Bolsonaro tiene de a decenas.<\/p>\n<p>La creciente extensi\u00f3n del nuevo coronavirus, producto de los dislates presidenciales y de su boicot a las medidas de prevenci\u00f3n es una amenaza grave. Y sobran los motivos. Como inform\u00f3 el viernes \u00c1mbito Financiero, el acumulado de muertes en Brasil se duplica cada cinco d\u00edas, lo que pone al pa\u00eds en una situaci\u00f3n m\u00e1s precaria que la de los pa\u00edses hasta hoy m\u00e1s afectados: Estados Unidos (seis d\u00edas) y Espa\u00f1a e Italia (ocho d\u00edas).<\/p>\n<p>El Ministerio de Salud inform\u00f3 el s\u00e1bado de 4.016 muertes documentadas, aunque se sabe que las reales son muchas m\u00e1s. En tanto, ese d\u00eda se produjeron 346 decesos, confirmaci\u00f3n de un salto brusco e inquietante que hab\u00eda comenzado el jueves \u00faltimo, con 407 muertes. \u201cS\u00e9 que me van a venir al cuello con eso\u201d, dijo Bolsonaro hace pocos d\u00edas. Hace bien en ser consciente.<\/p>\n<p>La tarea de esmerilar su imagen recuerda lo ocurrido con Dilma Rousseff, cuyo calvario pol\u00edtico dur\u00f3 al menos dos a\u00f1os, y el legal dentro del Congreso exactamente nueve meses. Ahora, a nueve meses vista, ya habr\u00e1 pasado el 1 de enero de 2021, d\u00eda en que se cumplir\u00e1 la mitad del actual mandato y una eventual ca\u00edda del presidente implicar\u00eda que el vice, el general Hamilton Mour\u00e3o, pueda completarlo sin verse obligado a llamar a elecciones. Acaso el partido militar no juegue a los dados.<\/p>\n","protected":false},"excerpt":{"rendered":"<p>El presidente, en su hora de mayor debilidad. \u00bf\u00c9xodo en el gabinete? Mandetta, Moro&#8230; \u00bfGuedes? El mercado desconf\u00eda. La bomba del exjuez de la Lava Jato y causales de juicio pol\u00edtico. A atrincherarse en el n\u00facleo duro &nbsp; &nbsp; La imagen de Jair Bolsonaro el \u00faltimo viernes, cuando sali\u00f3 a refutar en TV las acusaciones de Sergio Moro, quien acababa de renunciar al Ministerio de Justicia en medio de graves acusaciones, no pod\u00eda transmitir mayor soledad. Cuando un jefe de Estado le habla a la poblaci\u00f3n rodeado de sus ministros,&#8230;<\/p>\n","protected":false},"author":3,"featured_media":50530,"comment_status":"closed","ping_status":"closed","sticky":false,"template":"","format":"standard","meta":[],"categories":[4],"tags":[],"_links":{"self":[{"href":"https:\/\/www.actualidadadiario.com\/index.php\/wp-json\/wp\/v2\/posts\/60736"}],"collection":[{"href":"https:\/\/www.actualidadadiario.com\/index.php\/wp-json\/wp\/v2\/posts"}],"about":[{"href":"https:\/\/www.actualidadadiario.com\/index.php\/wp-json\/wp\/v2\/types\/post"}],"author":[{"embeddable":true,"href":"https:\/\/www.actualidadadiario.com\/index.php\/wp-json\/wp\/v2\/users\/3"}],"replies":[{"embeddable":true,"href":"https:\/\/www.actualidadadiario.com\/index.php\/wp-json\/wp\/v2\/comments?post=60736"}],"version-history":[{"count":1,"href":"https:\/\/www.actualidadadiario.com\/index.php\/wp-json\/wp\/v2\/posts\/60736\/revisions"}],"predecessor-version":[{"id":60737,"href":"https:\/\/www.actualidadadiario.com\/index.php\/wp-json\/wp\/v2\/posts\/60736\/revisions\/60737"}],"wp:featuredmedia":[{"embeddable":true,"href":"https:\/\/www.actualidadadiario.com\/index.php\/wp-json\/wp\/v2\/media\/50530"}],"wp:attachment":[{"href":"https:\/\/www.actualidadadiario.com\/index.php\/wp-json\/wp\/v2\/media?parent=60736"}],"wp:term":[{"taxonomy":"category","embeddable":true,"href":"https:\/\/www.actualidadadiario.com\/index.php\/wp-json\/wp\/v2\/categories?post=60736"},{"taxonomy":"post_tag","embeddable":true,"href":"https:\/\/www.actualidadadiario.com\/index.php\/wp-json\/wp\/v2\/tags?post=60736"}],"curies":[{"name":"wp","href":"https:\/\/api.w.org\/{rel}","templated":true}]}}