{"id":60727,"date":"2020-04-27T13:05:10","date_gmt":"2020-04-27T16:05:10","guid":{"rendered":"https:\/\/www.actualidadadiario.com\/?p=60727"},"modified":"2020-04-27T13:05:10","modified_gmt":"2020-04-27T16:05:10","slug":"vizzotti-las-salidas-tienen-vision-sanitaria-y-apuntan-a-la-salud-psicofisica","status":"publish","type":"post","link":"https:\/\/www.actualidadadiario.com\/index.php\/2020\/04\/27\/vizzotti-las-salidas-tienen-vision-sanitaria-y-apuntan-a-la-salud-psicofisica\/","title":{"rendered":"Vizzotti: &#8220;Las salidas tienen visi\u00f3n sanitaria y apuntan a la salud psicof\u00edsica&#8221;"},"content":{"rendered":"<p style=\"text-align: center;\"><em><strong>La secretaria de Acceso a la Salud, Carla Vizzotti, destac\u00f3 la relevancia sanitaria de las llamadas &#8220;salidas recreativas&#8221;<\/strong><\/em><\/p>\n<p>&nbsp;<\/p>\n<p>&nbsp;<\/p>\n<p>La secretaria de Acceso a la Salud, Carla Vizzotti, aclar\u00f3 hoy que las salidas permitidas por el Poder Ejecutivo Nacional en la nueva etapa de la cuarentena que comenz\u00f3 a regir hoy, &#8220;tienen una visi\u00f3n sanitaria, no recreativa ni f\u00edsica&#8221; y enfatiz\u00f3 que &#8220;cada jurisdicci\u00f3n tiene la potestad de regularlo o no&#8221;.<\/p>\n<p>Al encabezar el reporte diario que emite el Ministerio de Salud, la funcionaria explic\u00f3 que las salidas son &#8220;por el bienestar psicof\u00edsico de las personas&#8221; y explic\u00f3 que la publicaci\u00f3n del Decreto 408\/2020 era necesaria para que el 62 por ciento de los departamentos sanitarios que no reportan casos puedan aplicarlas.<\/p>\n<p>&#8220;Este permiso, que tiene que estar incorporado en una norma nacional ya que es el Estado nacional el que est\u00e1 definiendo las habilitaciones y las restricciones en todo el territorio, tiene una visi\u00f3n sanitaria, no se trata de salidas recreativas&#8221;, se\u00f1al\u00f3 Vizzotti.<\/p>\n<p>Subray\u00f3 adem\u00e1s que se trata de salidas &#8220;breves, a menos de 500 metros del domicilio, por menos de una hora, sin utilizar el transporte p\u00fablico ni veh\u00edculos particulares, con la recomendaci\u00f3n de usar tapaboca&#8221;, siempre apuntando a &#8220;las personas que no han sido alcanzadas por las excepciones&#8221; a la cuarentena.<\/p>\n<p>Vizzotti tambi\u00e9n se refiri\u00f3 a la pol\u00e9mica despertada por el anuncio y dijo que &#8220;independientemente de que tambi\u00e9n en la norma se informa que cada autoridad jurisdiccional o local debe reglamentarlo, cada jurisdicci\u00f3n tiene la potestad de regularlo o no&#8221;.<\/p>\n<p>Esto se explica en que s\u00f3lo el 38% de los departamentos reportaron casos y, sin esa norma nacional, el otro 62% no pod\u00edan &#8220;evaluar gozar de esas salidas&#8221;.<\/p>\n<p>Esto se da en un contexto de 3.892 casos confirmados desde el inicio de la pandemia, de los cuales 192 fallecieron, hay 1.140 personas recuperadas, 2.560 cursan la enfermedad y 151 de estos lo hacen en unidades de cuidado intensivo.<\/p>\n<p>La cantidad de fallecidos sobre la cantidad de infectados es de 4,9% y son 4,2 los fallecidos por cada mill\u00f3n de habitantes.<\/p>\n<p>Respecto a los confirmados, \u200b900 (23,1%) son importados, 1.684 (43,3%) son contactos estrechos de casos confirmados, 829 (21,3%) son casos de circulaci\u00f3n comunitaria y el resto se encuentra en investigaci\u00f3n epidemiol\u00f3gica.<\/p>\n<p>Ayer fueron realizadas 1.995 nuevas muestras y desde el inicio del brote se realizaron 51.900 pruebas diagn\u00f3sticas para esta enfermedad, lo que equivale a 1.143,8 muestras por mill\u00f3n de habitantes, con un \u00edndice de positividad por debajo del 10%. En el reporte matutino de hoy se confirm\u00f3 que el n\u00famero de casos descartados hasta ayer era de 39.990 (por laboratorio y por criterio cl\u00ednico-epidemiol\u00f3gico).<\/p>\n<p>Adem\u00e1s de Vizzotti, del reporte participaron Alejandro Costa, subsecretario de Estrategias Sanitarias, y Guido Sintas, coordinador del Programa de Salud en Contextos de Encierro.<\/p>\n","protected":false},"excerpt":{"rendered":"<p>La secretaria de Acceso a la Salud, Carla Vizzotti, destac\u00f3 la relevancia sanitaria de las llamadas &#8220;salidas recreativas&#8221; &nbsp; &nbsp; La secretaria de Acceso a la Salud, Carla Vizzotti, aclar\u00f3 hoy que las salidas permitidas por el Poder Ejecutivo Nacional en la nueva etapa de la cuarentena que comenz\u00f3 a regir hoy, &#8220;tienen una visi\u00f3n sanitaria, no recreativa ni f\u00edsica&#8221; y enfatiz\u00f3 que &#8220;cada jurisdicci\u00f3n tiene la potestad de regularlo o no&#8221;. Al encabezar el reporte diario que emite el Ministerio de Salud, la funcionaria explic\u00f3 que las salidas son&#8230;<\/p>\n","protected":false},"author":3,"featured_media":60728,"comment_status":"closed","ping_status":"closed","sticky":false,"template":"","format":"standard","meta":[],"categories":[18],"tags":[],"_links":{"self":[{"href":"https:\/\/www.actualidadadiario.com\/index.php\/wp-json\/wp\/v2\/posts\/60727"}],"collection":[{"href":"https:\/\/www.actualidadadiario.com\/index.php\/wp-json\/wp\/v2\/posts"}],"about":[{"href":"https:\/\/www.actualidadadiario.com\/index.php\/wp-json\/wp\/v2\/types\/post"}],"author":[{"embeddable":true,"href":"https:\/\/www.actualidadadiario.com\/index.php\/wp-json\/wp\/v2\/users\/3"}],"replies":[{"embeddable":true,"href":"https:\/\/www.actualidadadiario.com\/index.php\/wp-json\/wp\/v2\/comments?post=60727"}],"version-history":[{"count":1,"href":"https:\/\/www.actualidadadiario.com\/index.php\/wp-json\/wp\/v2\/posts\/60727\/revisions"}],"predecessor-version":[{"id":60729,"href":"https:\/\/www.actualidadadiario.com\/index.php\/wp-json\/wp\/v2\/posts\/60727\/revisions\/60729"}],"wp:featuredmedia":[{"embeddable":true,"href":"https:\/\/www.actualidadadiario.com\/index.php\/wp-json\/wp\/v2\/media\/60728"}],"wp:attachment":[{"href":"https:\/\/www.actualidadadiario.com\/index.php\/wp-json\/wp\/v2\/media?parent=60727"}],"wp:term":[{"taxonomy":"category","embeddable":true,"href":"https:\/\/www.actualidadadiario.com\/index.php\/wp-json\/wp\/v2\/categories?post=60727"},{"taxonomy":"post_tag","embeddable":true,"href":"https:\/\/www.actualidadadiario.com\/index.php\/wp-json\/wp\/v2\/tags?post=60727"}],"curies":[{"name":"wp","href":"https:\/\/api.w.org\/{rel}","templated":true}]}}