{"id":60724,"date":"2020-04-27T13:04:29","date_gmt":"2020-04-27T16:04:29","guid":{"rendered":"https:\/\/www.actualidadadiario.com\/?p=60724"},"modified":"2020-04-27T13:04:29","modified_gmt":"2020-04-27T16:04:29","slug":"el-presidente-permanece-en-olivos-y-cafiero-recibira-al-gabinete-economico","status":"publish","type":"post","link":"https:\/\/www.actualidadadiario.com\/index.php\/2020\/04\/27\/el-presidente-permanece-en-olivos-y-cafiero-recibira-al-gabinete-economico\/","title":{"rendered":"El presidente permanece en Olivos y Cafiero recibir\u00e1 al gabinete econ\u00f3mico"},"content":{"rendered":"<p style=\"text-align: center;\"><em><strong>Del encuentro se espera que participen Cecilia Todesca, Mart\u00edn Guzm\u00e1n, Claudio Moroni, Mat\u00edas Kulfas, Miguel Pesce y Mercedes Marc\u00f3 del Pont<\/strong><\/em><\/p>\n<p>&nbsp;<\/p>\n<p>&nbsp;<\/p>\n<p>El Jefe de Gabinete, Santiago Cafiero, encabezar\u00e1 esta tarde una nueva reuni\u00f3n del gabinete econ\u00f3mico, en el marco de las medidas que el gobierno impulsa en medio de la demanda de los distintos sectores productivos afectados por la pandemia.<\/p>\n<p>En tanto, el presidente Alberto Fern\u00e1ndez permanecer\u00e1, al menos por ahora, toda la jornada en la Residencia de Olivos.<\/p>\n<p>Cafiero en horas de la tarde recibir\u00e1 en la Casa Rosada a los funcionarios del \u00e1rea econ\u00f3mica, seg\u00fan confirmaron fuentes gubernamentales.<\/p>\n<p>Cafiero presidir\u00e1 el encuentro en medio del reclamo empresario y de Pymes ante el impacto econ\u00f3mico de la cuarentena, cuya extensi\u00f3n fue oficializada por el Jefe de Estado hasta el 10 de mayo.<\/p>\n","protected":false},"excerpt":{"rendered":"<p>Del encuentro se espera que participen Cecilia Todesca, Mart\u00edn Guzm\u00e1n, Claudio Moroni, Mat\u00edas Kulfas, Miguel Pesce y Mercedes Marc\u00f3 del Pont &nbsp; &nbsp; El Jefe de Gabinete, Santiago Cafiero, encabezar\u00e1 esta tarde una nueva reuni\u00f3n del gabinete econ\u00f3mico, en el marco de las medidas que el gobierno impulsa en medio de la demanda de los distintos sectores productivos afectados por la pandemia. En tanto, el presidente Alberto Fern\u00e1ndez permanecer\u00e1, al menos por ahora, toda la jornada en la Residencia de Olivos. Cafiero en horas de la tarde recibir\u00e1 en la&#8230;<\/p>\n","protected":false},"author":3,"featured_media":60725,"comment_status":"closed","ping_status":"closed","sticky":false,"template":"","format":"standard","meta":[],"categories":[18],"tags":[],"_links":{"self":[{"href":"https:\/\/www.actualidadadiario.com\/index.php\/wp-json\/wp\/v2\/posts\/60724"}],"collection":[{"href":"https:\/\/www.actualidadadiario.com\/index.php\/wp-json\/wp\/v2\/posts"}],"about":[{"href":"https:\/\/www.actualidadadiario.com\/index.php\/wp-json\/wp\/v2\/types\/post"}],"author":[{"embeddable":true,"href":"https:\/\/www.actualidadadiario.com\/index.php\/wp-json\/wp\/v2\/users\/3"}],"replies":[{"embeddable":true,"href":"https:\/\/www.actualidadadiario.com\/index.php\/wp-json\/wp\/v2\/comments?post=60724"}],"version-history":[{"count":1,"href":"https:\/\/www.actualidadadiario.com\/index.php\/wp-json\/wp\/v2\/posts\/60724\/revisions"}],"predecessor-version":[{"id":60726,"href":"https:\/\/www.actualidadadiario.com\/index.php\/wp-json\/wp\/v2\/posts\/60724\/revisions\/60726"}],"wp:featuredmedia":[{"embeddable":true,"href":"https:\/\/www.actualidadadiario.com\/index.php\/wp-json\/wp\/v2\/media\/60725"}],"wp:attachment":[{"href":"https:\/\/www.actualidadadiario.com\/index.php\/wp-json\/wp\/v2\/media?parent=60724"}],"wp:term":[{"taxonomy":"category","embeddable":true,"href":"https:\/\/www.actualidadadiario.com\/index.php\/wp-json\/wp\/v2\/categories?post=60724"},{"taxonomy":"post_tag","embeddable":true,"href":"https:\/\/www.actualidadadiario.com\/index.php\/wp-json\/wp\/v2\/tags?post=60724"}],"curies":[{"name":"wp","href":"https:\/\/api.w.org\/{rel}","templated":true}]}}