{"id":60721,"date":"2020-04-27T13:03:48","date_gmt":"2020-04-27T16:03:48","guid":{"rendered":"https:\/\/www.actualidadadiario.com\/?p=60721"},"modified":"2020-04-27T13:03:48","modified_gmt":"2020-04-27T16:03:48","slug":"trotta-detallo-donde-se-van-a-repartir-las-notebooks-abandonas-por-el-macrismo","status":"publish","type":"post","link":"https:\/\/www.actualidadadiario.com\/index.php\/2020\/04\/27\/trotta-detallo-donde-se-van-a-repartir-las-notebooks-abandonas-por-el-macrismo\/","title":{"rendered":"Trotta detall\u00f3 donde se van a repartir las notebooks abandonas por el macrismo"},"content":{"rendered":"<p style=\"text-align: center;\"><em><strong>Lo hizo en el marco del encuentro digital \u201cNuevo desaf\u00edos en la alfabetizaci\u00f3n argentina: Derechos, Tecnolog\u00edas y Comunicaciones\u201d. La actividad coordinada por la secretaria de Extensi\u00f3n de la Facultad de Sociales de la UNLZ e integrante de Generaci\u00f3n Patri\u00f3tica, Agustina Pan, tambi\u00e9n cont\u00f3 con la participaci\u00f3n del titular de la Agencia Nacional de Promoci\u00f3n Cient\u00edfica y Tecnol\u00f3gica, Fernando Peirano<\/strong><\/em><\/p>\n<p>&nbsp;<\/p>\n<p>&nbsp;<\/p>\n<p>El colectivo de dirigentes de Generaci\u00f3n Patri\u00f3tica llev\u00f3 a cabo este domingo su quinto encuentro digital enmarcado en \u201cNuevos desaf\u00edos en la alfabetizaci\u00f3n argentina: derechos, tecnolog\u00edas y comunicaciones\u201d. La actividad on line fue coordinada por la secretaria de Extensi\u00f3n de la Facultad de Ciencias Sociales de la Universidad Nacional de Lomas de Zamora, Agustina Pan. Participaron el ministro de Educaci\u00f3n, Nicol\u00e1s Trotta y el presidente de la Agencia\u00a0 Nacional de Promoci\u00f3n Cient\u00edfica y Tecnol\u00f3gica, Fernando Peirano.<\/p>\n<p>El ministro Trotta resalt\u00f3 que \u201choy tenemos un mundo en el que se concentran riquezas y donde la desigualdad crece\u201d. \u201cEste mundo va a ser en el corto plazo m\u00e1s desigual. Por esto, hay que lograr que esta crisis nos permita fortalecer la mirada colectiva, resignificar el rol del estado naci\u00f3n para alcanzar una sociedad m\u00e1s justa\u201d, indic\u00f3.<\/p>\n<p>Abord\u00f3 tambi\u00e9n la cuesti\u00f3n del acceso a la tecnolog\u00eda, el v\u00ednculo de la escuela con los estudiantes y las iniciativas del gobierno para acompa\u00f1ar la tarea. \u201cVamos a entregar 135 mil notebooks que se encontraban abandonadas por el gobierno anterior, durante los 4 a\u00f1os, en dep\u00f3sitos de Correo Argentino\u201d, sostuvo el titular de la cartera educativa al tiempo que detall\u00f3 que \u201cel criterio de repartici\u00f3n ser\u00e1 por variables de vulnerabilidad socio educativa, en los distritos del conurbano de la ciudad de buenos aires y en las diez provincias del norte grande, como una decisi\u00f3n pol\u00edtica de orientar los recursos hacia donde hay mayores niveles de desigualdad\u201d.<\/p>\n<p>\u201cEn los pr\u00f3ximos 4 a\u00f1os buscaremos garantizar el acceso a la conectividad, destac\u00f3 el ministro en dicho encuentro\u201d, asegur\u00f3.<\/p>\n<p>Por su parte, Fernando Peirano destaco el rol estrat\u00e9gico que cumplir\u00e1 el sector PYME en los tiempos que vienen. \u201cEn la actualidad la peque\u00f1a y mediana empresa tecnol\u00f3gica est\u00e1n desarrollando un aporte estrat\u00e9gico a la tem\u00e1tica COVID19, desde la Agencia se impuls\u00f3 una convocatoria para presentaci\u00f3n de proyectos estrat\u00e9gicos vinculado al tema\u201d, expres\u00f3.<\/p>\n<p>En tanto, Agustina Pan expres\u00f3 \u201cla importancia de comprender la relaci\u00f3n entre ciencia, tecnolog\u00eda y educaci\u00f3n y su rol vital para este momento, repensando el aporte que lograremos hacer desde nuestra generaci\u00f3n a la conformaci\u00f3n de una nueva comunidad Organizada\u201d.<\/p>\n<p>El pr\u00f3ximo encuentro digital se realizar\u00e1 el pr\u00f3ximo martes 28\/4 a las 20 hs por el Instagram de @genpatriotica. Juan Pablo Enr\u00edquez, docente universitario de la provincia de Entre R\u00edos y referente de dicho espacio, coordinar\u00e1 el eje de \u201cEconom\u00eda y cris, c\u00f3mo construir un futuro mejor\u201d, que contar\u00e1 con la participaci\u00f3n de la directora del Banco Ciudad, Delfina Rossi, y el secretario general de ANSES, Santiago Fraschina.<\/p>\n<p>&nbsp;<\/p>\n<p><strong>Los foros digitales<\/strong><\/p>\n<p>Los Foros Digitales son una propuesta de Generaci\u00f3n Patri\u00f3tica, espacio de coordinaci\u00f3n pol\u00edtica intersectorial y federal que nuclea a referentes de todo el pa\u00eds. El ciclo de encuentros digitales es una continuaci\u00f3n de los Foros Patri\u00f3ticos que se realizaron en diversas provincias durante todo el a\u00f1o 2019. Bajo un esp\u00edritu federal, los Foros buscaron congregar a cientos y cientas de referentes pol\u00edticos, sociales, territoriales, sindicales, estudiantiles y feministas del Pa\u00eds.<\/p>\n<p>Con el contexto del aislamiento obligatorio, Generaci\u00f3n Patri\u00f3tica adecu\u00f3 los Foros al marco digital. La intenci\u00f3n es brindar una herramienta para el momento pol\u00edtico excepcional que se vive. En este caso, en base al debate, con actores protag\u00f3nicos, de temas p\u00fablicos centrales.<\/p>\n<p>El primero de estos foros se realiz\u00f3 semanas atr\u00e1s con una entrevista inaugural sobre \u201cEstado de Derecho, presos pol\u00edticos y lawfare\u201d que cont\u00f3 con la participaci\u00f3n de Luis D\u00b4El\u00eda y Amado Boudou. Contin\u00fao con \u201cLa crisis en clave latinoamericana\u201d, donde intervinieron Katu Arkonada (M\u00e9xico) y Marco Teruggi (Venezuela). El tercer encuentro, coordinado por Agustina \u201cAchu\u201d D\u00edaz, se enfoc\u00f3 en violencia de g\u00e9nero en el contexto de la pandemia. Participaron tambi\u00e9n Claudia Mart\u00ednez, ministra de la mujer de C\u00f3rdoba y \u201cYuyo\u201d Garc\u00eda de la Fundaci\u00f3n Micaela Garc\u00eda.<\/p>\n<p>Tambi\u00e9n se realiz\u00f3 el foro sobre \u201cComunidad organizada y federalismo\u201d con la participaci\u00f3n Federico Prior de Neuqu\u00e9n, Hern\u00e1n Brienza, titular del instituto nacional de capacitaci\u00f3n pol\u00edtica y Florencia L\u00f3pez, vicegobernadora de la provincia de La Rioja.<\/p>\n<p>El Foro del \u00faltimo domingo, abord\u00f3 las tem\u00e1ticas de Educaci\u00f3n Ciencia y tecnolog\u00eda. Por esto, el ministro de educaci\u00f3n como as\u00ed tambi\u00e9n el presidente de la agencia I+D+I desarrollaron algunas l\u00edneas de trabajo de cada \u00e1rea del estado, en el contexto de emergencia que atraviesa el pa\u00eds.<\/p>\n","protected":false},"excerpt":{"rendered":"<p>Lo hizo en el marco del encuentro digital \u201cNuevo desaf\u00edos en la alfabetizaci\u00f3n argentina: Derechos, Tecnolog\u00edas y Comunicaciones\u201d. La actividad coordinada por la secretaria de Extensi\u00f3n de la Facultad de Sociales de la UNLZ e integrante de Generaci\u00f3n Patri\u00f3tica, Agustina Pan, tambi\u00e9n cont\u00f3 con la participaci\u00f3n del titular de la Agencia Nacional de Promoci\u00f3n Cient\u00edfica y Tecnol\u00f3gica, Fernando Peirano &nbsp; &nbsp; El colectivo de dirigentes de Generaci\u00f3n Patri\u00f3tica llev\u00f3 a cabo este domingo su quinto encuentro digital enmarcado en \u201cNuevos desaf\u00edos en la alfabetizaci\u00f3n argentina: derechos, tecnolog\u00edas y comunicaciones\u201d. La&#8230;<\/p>\n","protected":false},"author":3,"featured_media":60722,"comment_status":"closed","ping_status":"closed","sticky":false,"template":"","format":"standard","meta":[],"categories":[18],"tags":[],"_links":{"self":[{"href":"https:\/\/www.actualidadadiario.com\/index.php\/wp-json\/wp\/v2\/posts\/60721"}],"collection":[{"href":"https:\/\/www.actualidadadiario.com\/index.php\/wp-json\/wp\/v2\/posts"}],"about":[{"href":"https:\/\/www.actualidadadiario.com\/index.php\/wp-json\/wp\/v2\/types\/post"}],"author":[{"embeddable":true,"href":"https:\/\/www.actualidadadiario.com\/index.php\/wp-json\/wp\/v2\/users\/3"}],"replies":[{"embeddable":true,"href":"https:\/\/www.actualidadadiario.com\/index.php\/wp-json\/wp\/v2\/comments?post=60721"}],"version-history":[{"count":1,"href":"https:\/\/www.actualidadadiario.com\/index.php\/wp-json\/wp\/v2\/posts\/60721\/revisions"}],"predecessor-version":[{"id":60723,"href":"https:\/\/www.actualidadadiario.com\/index.php\/wp-json\/wp\/v2\/posts\/60721\/revisions\/60723"}],"wp:featuredmedia":[{"embeddable":true,"href":"https:\/\/www.actualidadadiario.com\/index.php\/wp-json\/wp\/v2\/media\/60722"}],"wp:attachment":[{"href":"https:\/\/www.actualidadadiario.com\/index.php\/wp-json\/wp\/v2\/media?parent=60721"}],"wp:term":[{"taxonomy":"category","embeddable":true,"href":"https:\/\/www.actualidadadiario.com\/index.php\/wp-json\/wp\/v2\/categories?post=60721"},{"taxonomy":"post_tag","embeddable":true,"href":"https:\/\/www.actualidadadiario.com\/index.php\/wp-json\/wp\/v2\/tags?post=60721"}],"curies":[{"name":"wp","href":"https:\/\/api.w.org\/{rel}","templated":true}]}}