{"id":60712,"date":"2020-04-27T13:01:31","date_gmt":"2020-04-27T16:01:31","guid":{"rendered":"https:\/\/www.actualidadadiario.com\/?p=60712"},"modified":"2020-04-27T13:01:31","modified_gmt":"2020-04-27T16:01:31","slug":"cristina-cita-al-jefe-de-cambiemos-para-coordinar-una-sesion-online-el-6-de-mayo","status":"publish","type":"post","link":"https:\/\/www.actualidadadiario.com\/index.php\/2020\/04\/27\/cristina-cita-al-jefe-de-cambiemos-para-coordinar-una-sesion-online-el-6-de-mayo\/","title":{"rendered":"Cristina cita al jefe de Cambiemos para coordinar una sesi\u00f3n online el 6 de mayo"},"content":{"rendered":"<p style=\"text-align: center;\"><em><strong>Convoc\u00f3 al senador radical Luis Naidenoff a una reuni\u00f3n el martes por la tarde, para discutir condiciones de una reuni\u00f3n telem\u00e1tica<\/strong><\/em><\/p>\n<p>&nbsp;<\/p>\n<p>&nbsp;<\/p>\n<p>Cristina Kirchner convoc\u00f3 al jefe de Cambiemos Luis Naidenoff a una reuni\u00f3n el martes a las 17 y le propondr\u00e1 condiciones para realizar una sesi\u00f3n por sistema remoto el 6 de mayo. La reuni\u00f3n fue confirmada a LPO por fuentes del oficialismo, estar\u00e1 el presidente del frente de Todos, Jos\u00e9 Mayans y podr\u00edan sumarse referentes de los bloques m\u00e1s chicos.<\/p>\n<p>Naidenoff y Mayans son de Formosa, la \u00fanica provincia sin casos de coronavirus confirmados junto a Catamarca, por lo que si retorna deber\u00e1n permanecer en estricta cuarentena: 15 d\u00edas aislados en un rinc\u00f3n de sus casas.<\/p>\n<p>Cristina entiende que el fallo de la Corte del viernes avala las sesiones virtuales. Esperar\u00e1 que el martes la Comisi\u00f3n de Modernizaci\u00f3n de Diputados defina un protocolo para sesionar por sistema remoto y Sergio Massa acuerde con la oposici\u00f3n un cronograma. Este domingo dio un primer paso cuando un grupo de Diputados de Cambiemos pidi\u00f3 una sesi\u00f3n especial y avalaron el sistema remoto.<\/p>\n<p>Por la noche hab\u00eda pases de facturas entre los referentes. Las radicales Carla Carrizo y Dolores Mart\u00ednez, firmantes del pedido de sesi\u00f3n, aclararon que para modificar el reglamento era necesaria una sesi\u00f3n presencial, como plantean sus jefes, que este lunes intentar\u00e1n resistir en una reuni\u00f3n de labor parlamentaria. Ser\u00e1n minor\u00eda.<\/p>\n<p>La primera sesi\u00f3n ser\u00eda en Diputados jueves o lunes de la otra semana y el Senado el mi\u00e9rcoles 6, con una primera tanda de proyectos que necesita el Gobierno para combatir el Covid 19. El pedido de sesi\u00f3n que hizo un sector de Cambiemos tiene beneficios impositivos a personal de salud y de las fuerzas armadas.<\/p>\n<p>Se sumar\u00edan los tres que pide Cristina: el que presentar\u00eda su hijo M\u00e1ximo para gravar las altas fortunas, el que elimina los ajustes por inflaci\u00f3n en los balances de las empresas y un paquete de alivio fiscal para Pymes, en el que intervendr\u00edan iniciativas de los diputados e incluso de la oposici\u00f3n.<\/p>\n<p>El viernes, por la noche, se supo que los senadores del PRO ten\u00edan su propio proyecto para gravar altas fortunas, pero no ser\u00eda un impuesto sino un propuesta de inversi\u00f3n a un sector productivo a los ciudadanos con patrimonios mayores a 200 millones de pesos, con la advertencia de una multa por el mismo monto si no ponen un peso. Apunta a acelerar el rebote econ\u00f3mico post pandemia.<\/p>\n<p>Lo present\u00f3 Roberto Basualdo, aliado de los dirigidos por Humberto Schiavoni, quien cit\u00f3 a todos cara a cara para el martes en el Senado. S\u00f3lo 3 avisaron que no estar\u00e1n. Ese d\u00eda, a las 18, la bicameral de tr\u00e1mite parlamentario sesionar\u00e1 por teleconferencia y votar\u00e1 20 decretos presidenciales. La mayor\u00eda oficialista garantiza un dictamen favorable y la oposici\u00f3n, el viernes, no confirmaba que se conectar\u00eda a tiempo.<\/p>\n<p>Casi en simult\u00e1neo, Mario Negri, jefe de Cambiemos en Diputados reunir\u00e1 a 50 diputados de su bloque en una sala de Diputados para mostrar presencia f\u00edsica e insistir, por ahora, que s\u00f3lo est\u00e1n dispuesto a participar de sesiones presenciales en un sal\u00f3n amplio.<\/p>\n","protected":false},"excerpt":{"rendered":"<p>Convoc\u00f3 al senador radical Luis Naidenoff a una reuni\u00f3n el martes por la tarde, para discutir condiciones de una reuni\u00f3n telem\u00e1tica &nbsp; &nbsp; Cristina Kirchner convoc\u00f3 al jefe de Cambiemos Luis Naidenoff a una reuni\u00f3n el martes a las 17 y le propondr\u00e1 condiciones para realizar una sesi\u00f3n por sistema remoto el 6 de mayo. La reuni\u00f3n fue confirmada a LPO por fuentes del oficialismo, estar\u00e1 el presidente del frente de Todos, Jos\u00e9 Mayans y podr\u00edan sumarse referentes de los bloques m\u00e1s chicos. Naidenoff y Mayans son de Formosa, la&#8230;<\/p>\n","protected":false},"author":3,"featured_media":60713,"comment_status":"closed","ping_status":"closed","sticky":false,"template":"","format":"standard","meta":[],"categories":[18],"tags":[],"_links":{"self":[{"href":"https:\/\/www.actualidadadiario.com\/index.php\/wp-json\/wp\/v2\/posts\/60712"}],"collection":[{"href":"https:\/\/www.actualidadadiario.com\/index.php\/wp-json\/wp\/v2\/posts"}],"about":[{"href":"https:\/\/www.actualidadadiario.com\/index.php\/wp-json\/wp\/v2\/types\/post"}],"author":[{"embeddable":true,"href":"https:\/\/www.actualidadadiario.com\/index.php\/wp-json\/wp\/v2\/users\/3"}],"replies":[{"embeddable":true,"href":"https:\/\/www.actualidadadiario.com\/index.php\/wp-json\/wp\/v2\/comments?post=60712"}],"version-history":[{"count":1,"href":"https:\/\/www.actualidadadiario.com\/index.php\/wp-json\/wp\/v2\/posts\/60712\/revisions"}],"predecessor-version":[{"id":60714,"href":"https:\/\/www.actualidadadiario.com\/index.php\/wp-json\/wp\/v2\/posts\/60712\/revisions\/60714"}],"wp:featuredmedia":[{"embeddable":true,"href":"https:\/\/www.actualidadadiario.com\/index.php\/wp-json\/wp\/v2\/media\/60713"}],"wp:attachment":[{"href":"https:\/\/www.actualidadadiario.com\/index.php\/wp-json\/wp\/v2\/media?parent=60712"}],"wp:term":[{"taxonomy":"category","embeddable":true,"href":"https:\/\/www.actualidadadiario.com\/index.php\/wp-json\/wp\/v2\/categories?post=60712"},{"taxonomy":"post_tag","embeddable":true,"href":"https:\/\/www.actualidadadiario.com\/index.php\/wp-json\/wp\/v2\/tags?post=60712"}],"curies":[{"name":"wp","href":"https:\/\/api.w.org\/{rel}","templated":true}]}}