{"id":60709,"date":"2020-04-27T13:00:44","date_gmt":"2020-04-27T16:00:44","guid":{"rendered":"https:\/\/www.actualidadadiario.com\/?p=60709"},"modified":"2020-04-27T13:00:44","modified_gmt":"2020-04-27T16:00:44","slug":"massa-el-oficialismo-tiene-desde-el-primer-dia-voluntad-y-vocacion-de-sesionar","status":"publish","type":"post","link":"https:\/\/www.actualidadadiario.com\/index.php\/2020\/04\/27\/massa-el-oficialismo-tiene-desde-el-primer-dia-voluntad-y-vocacion-de-sesionar\/","title":{"rendered":"Massa: &#8220;El oficialismo tiene desde el primer d\u00eda voluntad y vocaci\u00f3n de sesionar&#8221;"},"content":{"rendered":"<p style=\"text-align: center;\"><em><strong>Massa buscar\u00e1 consensuar con los jefes de todos los bloques el dise\u00f1o de una sesi\u00f3n virtual, presencial o mixta en el marco de la pandemia de coronavirus<\/strong><\/em><\/p>\n<p>&nbsp;<\/p>\n<p>&nbsp;<\/p>\n<p>El presidente de la C\u00e1mara de Diputados, Sergio Massa, reiter\u00f3 hoy que el oficialismo &#8220;tiene desde el primer d\u00eda voluntad y vocaci\u00f3n de sesionar y que todos los legisladores participen&#8221; del plenario que se comenzar\u00e1 a dise\u00f1ar esta tarde en una reuni\u00f3n con los jefes de los diferentes bloques parlamentarios.<\/p>\n<p>Massa buscar\u00e1 consensuar con los jefes de todos los bloques el dise\u00f1o de una sesi\u00f3n virtual, presencial o mixta en el marco de la pandemia de coronavirus, en un encuentro que se realizar\u00e1 a las 18 de manera presencial en el Sal\u00f3n Delia Parodi de la C\u00e1mara baja, en el que se definir\u00e1 adem\u00e1s el orden del d\u00eda de ese primer plenario.<\/p>\n<p>&#8220;Pareciera que hab\u00eda algunos que no participaban y me gustar\u00eda contar que en estos 35 d\u00edas hubo dos reuniones del presidente con los jefes de bloques, 14 ministros que informaron el funcionamiento de cada uno de los ministerios, se resolvi\u00f3 el funcionamiento de las comisiones, un sistema de comisiones online y de recinto virtual para sesionar&#8221;, record\u00f3 el ex intendente de Tigre en declaraciones a Radio 10.<\/p>\n<p>Asimismo, sostuvo que no se est\u00e1 &#8220;en una situaci\u00f3n normal y no hay margen para la discusi\u00f3n est\u00e9ril&#8221;.<\/p>\n<p>&#8220;Todos tenemos que tener la buena voluntad de ayudar y no de ver c\u00f3mo le raspo el auto al de al lado&#8221;, dijo tras hacer referencia al &#8220;cambio de opini\u00f3n&#8221; de algunos dirigentes de la oposici\u00f3n que ped\u00edan sesionar de manera virtual y luego solicitaron que el plenario sea presencial. .<\/p>\n<p>&#8220;Tenemos protocolo para sesionar de manera presencial y tambi\u00e9n virtual, hay que pensar con generosidad y salir de la chicana chiquita y berreta&#8221;, afirm\u00f3 Massa.<\/p>\n<p>El encuentro de los jefes parlamentarios de esta tarde buscar\u00e1 superar las diferencias que existen entre las fuerzas pol\u00edticas, ya que mientras el Frente de Todos y dos interbloques provinciales aceptan realizar en este contexto una sesi\u00f3n virtual, desde Juntos por el Cambio siguen reclamando que la sesi\u00f3n se haga en forma presencial.<\/p>\n<p>Ayer, una veintena de diputados del interbloque Federal y de Juntos por el Cambio pidieron a Massa realizar el pr\u00f3ximo jueves una sesi\u00f3n especial virtual para tratar un paquete de proyectos vinculados con la protecci\u00f3n de los trabajadores de la salud,<\/p>\n<p>El pedido impulsado por el presidente del Interbloque Federal, Eduardo &#8220;Bali&#8221; Bucca, es acompa\u00f1ado por 25 diputados, de los cuales 15 son de Juntos por el Cambio, lo que deja a la luz las diferencias en la principal bancada opositora, cuya conducci\u00f3n viene pidiendo una sesi\u00f3n presencial y pone reparos a las virtuales.<\/p>\n<p>Los diputados de Juntos por el Cambio que firman la iniciativa son los radicales de Evoluci\u00f3n Radical Carla Carrizo y Dolores Mart\u00ednez, el radical Emilio Yacobitti (afines a Mart\u00edn Lousteau), y macristas que se referencian con el ex presidente de la C\u00e1mara Emilio Monz\u00f3, como Sebasti\u00e1n Garc\u00eda de Luca y Federico Frigerio.<\/p>\n","protected":false},"excerpt":{"rendered":"<p>Massa buscar\u00e1 consensuar con los jefes de todos los bloques el dise\u00f1o de una sesi\u00f3n virtual, presencial o mixta en el marco de la pandemia de coronavirus &nbsp; &nbsp; El presidente de la C\u00e1mara de Diputados, Sergio Massa, reiter\u00f3 hoy que el oficialismo &#8220;tiene desde el primer d\u00eda voluntad y vocaci\u00f3n de sesionar y que todos los legisladores participen&#8221; del plenario que se comenzar\u00e1 a dise\u00f1ar esta tarde en una reuni\u00f3n con los jefes de los diferentes bloques parlamentarios. Massa buscar\u00e1 consensuar con los jefes de todos los bloques el&#8230;<\/p>\n","protected":false},"author":3,"featured_media":60710,"comment_status":"closed","ping_status":"closed","sticky":false,"template":"","format":"standard","meta":[],"categories":[9],"tags":[],"_links":{"self":[{"href":"https:\/\/www.actualidadadiario.com\/index.php\/wp-json\/wp\/v2\/posts\/60709"}],"collection":[{"href":"https:\/\/www.actualidadadiario.com\/index.php\/wp-json\/wp\/v2\/posts"}],"about":[{"href":"https:\/\/www.actualidadadiario.com\/index.php\/wp-json\/wp\/v2\/types\/post"}],"author":[{"embeddable":true,"href":"https:\/\/www.actualidadadiario.com\/index.php\/wp-json\/wp\/v2\/users\/3"}],"replies":[{"embeddable":true,"href":"https:\/\/www.actualidadadiario.com\/index.php\/wp-json\/wp\/v2\/comments?post=60709"}],"version-history":[{"count":1,"href":"https:\/\/www.actualidadadiario.com\/index.php\/wp-json\/wp\/v2\/posts\/60709\/revisions"}],"predecessor-version":[{"id":60711,"href":"https:\/\/www.actualidadadiario.com\/index.php\/wp-json\/wp\/v2\/posts\/60709\/revisions\/60711"}],"wp:featuredmedia":[{"embeddable":true,"href":"https:\/\/www.actualidadadiario.com\/index.php\/wp-json\/wp\/v2\/media\/60710"}],"wp:attachment":[{"href":"https:\/\/www.actualidadadiario.com\/index.php\/wp-json\/wp\/v2\/media?parent=60709"}],"wp:term":[{"taxonomy":"category","embeddable":true,"href":"https:\/\/www.actualidadadiario.com\/index.php\/wp-json\/wp\/v2\/categories?post=60709"},{"taxonomy":"post_tag","embeddable":true,"href":"https:\/\/www.actualidadadiario.com\/index.php\/wp-json\/wp\/v2\/tags?post=60709"}],"curies":[{"name":"wp","href":"https:\/\/api.w.org\/{rel}","templated":true}]}}