{"id":60706,"date":"2020-04-27T13:00:05","date_gmt":"2020-04-27T16:00:05","guid":{"rendered":"https:\/\/www.actualidadadiario.com\/?p=60706"},"modified":"2020-04-27T13:00:05","modified_gmt":"2020-04-27T16:00:05","slug":"no-podemos-mantener-a-la-gente-en-un-encierro-eterno","status":"publish","type":"post","link":"https:\/\/www.actualidadadiario.com\/index.php\/2020\/04\/27\/no-podemos-mantener-a-la-gente-en-un-encierro-eterno\/","title":{"rendered":"&#8220;No podemos mantener a la gente en un encierro eterno&#8221;"},"content":{"rendered":"<p style=\"text-align: center;\"><em><strong>\u201cEn los gobernadores veo vocaci\u00f3n de cuidar a su gente y por eso me tienen a su lado. Pero lo que digo tambi\u00e9n es que presten atenci\u00f3n&#8221;, asegur\u00f3 el mandatario en di\u00e1logo con Radio Con Vos y neg\u00f3 la existencia de un conflicto<\/strong><\/em><\/p>\n<p>&nbsp;<\/p>\n<p>&nbsp;<\/p>\n<p>El presidente Alberto Fern\u00e1ndez aclar\u00f3 hoy que &#8220;no hubo conflicto&#8221; con los gobiernos de la ciudad y provincia de Buenos Aires, C\u00f3rdoba y Santa Fe en torno a las salidas recreativas que autoriz\u00f3 el Ejecutivo nacional y que sus autoridades locales optan por no permitirlo.<\/p>\n<p>&#8220;No hubo tal conflicto&#8221;, respondi\u00f3 el Presidente al referir que &#8220;el decreto prev\u00e9 que las condiciones de salida las fijaba cada provincia seg\u00fan su situaci\u00f3n epidemiol\u00f3gica&#8221;.<\/p>\n<p>En di\u00e1logo con radio Con Vos, Fern\u00e1ndez explic\u00f3 que &#8220;el comunicado que sacaron los gobernadores lo hablaron antes conmigo y les dije que me parec\u00eda bien que lo hicieran si sent\u00edan que no pod\u00edan controlar el tema.&#8221;<\/p>\n<p>&#8220;Al mismo tiempo que vengo recibiendo a los gobernadores para abrir ciertas actividades, me re\u00fano con especialistas en materia epidemiol\u00f3gica que me plantearon que era necesario hacer alg\u00fan grado de apertura para que la gente pudiera salir de las cuatro paredes para dar una vuelta y volver a la casa&#8221;, explic\u00f3 el mandatario.<\/p>\n<p>En ese sentido, el Presidente indic\u00f3 que &#8220;entendemos que hay m\u00e1s de 70 por ciento de la geograf\u00eda argentina que no est\u00e1 corriendo riesgo de contagiarse&#8221; y que, por lo tanto, &#8220;hab\u00eda que flexibilizar un poquito esa cuarentena&#8221;.<\/p>\n<p>La Ciudad de Buenos Aires y las provincias de Buenos Aires, C\u00f3rdoba y Santa Fe anunciaron ayer que el aislamiento social, preventivo y obligatorio por el coronavirus sigue vigente &#8220;sin modificaciones&#8221; y que no autorizaron las salidas de esparcimiento en la nueva etapa de la cuarentena.<\/p>\n<p>Los gobiernos hicieron la aclaraci\u00f3n debido a que en grandes capitales y otras ciudades con alta poblaci\u00f3n -como en esos distritos- hubo ciudadanos que ayer se anticiparon a salir a las calles, incluso con sus hijos, pese a que a\u00fan no se hab\u00eda publicado el nuevo DNU del presidente Alberto Fern\u00e1ndez en el Bolet\u00edn Oficial, que finalmente reglament\u00f3 las salidas.<\/p>\n<p>El Gobierno prorrog\u00f3 la cuarentena hasta el pr\u00f3ximo 10 de mayo y habilit\u00f3 las salidas breves facultando a las jurisdicciones a establecer el otorgamiento de los permisos.<\/p>\n<p>El art\u00edculo 8 del DNU publicado ayer dice que &#8220;las personas que deben cumplir la cuarentena podr\u00e1n realizar una breve salida de esparcimiento, en beneficio de la salud y el bienestar psicof\u00edsico, sin alejarse m\u00e1s de 500 metros de su residencia, con una duraci\u00f3n m\u00e1xima de 60 minutos, en horario diurno y antes de las 20 horas&#8221;.<\/p>\n<p>Adem\u00e1s, precisa que las autoridades de cada jurisdicci\u00f3n tomar\u00e1n las decisiones sobre las salidas y &#8220;en atenci\u00f3n a las condiciones epidemiol\u00f3gicas y a la evaluaci\u00f3n de riesgo en los distintos departamentos o partidos de la jurisdicci\u00f3n a su cargo&#8221;.<\/p>\n","protected":false},"excerpt":{"rendered":"<p>\u201cEn los gobernadores veo vocaci\u00f3n de cuidar a su gente y por eso me tienen a su lado. Pero lo que digo tambi\u00e9n es que presten atenci\u00f3n&#8221;, asegur\u00f3 el mandatario en di\u00e1logo con Radio Con Vos y neg\u00f3 la existencia de un conflicto &nbsp; &nbsp; El presidente Alberto Fern\u00e1ndez aclar\u00f3 hoy que &#8220;no hubo conflicto&#8221; con los gobiernos de la ciudad y provincia de Buenos Aires, C\u00f3rdoba y Santa Fe en torno a las salidas recreativas que autoriz\u00f3 el Ejecutivo nacional y que sus autoridades locales optan por no permitirlo&#8230;.<\/p>\n","protected":false},"author":3,"featured_media":60707,"comment_status":"closed","ping_status":"closed","sticky":false,"template":"","format":"standard","meta":[],"categories":[9],"tags":[],"_links":{"self":[{"href":"https:\/\/www.actualidadadiario.com\/index.php\/wp-json\/wp\/v2\/posts\/60706"}],"collection":[{"href":"https:\/\/www.actualidadadiario.com\/index.php\/wp-json\/wp\/v2\/posts"}],"about":[{"href":"https:\/\/www.actualidadadiario.com\/index.php\/wp-json\/wp\/v2\/types\/post"}],"author":[{"embeddable":true,"href":"https:\/\/www.actualidadadiario.com\/index.php\/wp-json\/wp\/v2\/users\/3"}],"replies":[{"embeddable":true,"href":"https:\/\/www.actualidadadiario.com\/index.php\/wp-json\/wp\/v2\/comments?post=60706"}],"version-history":[{"count":1,"href":"https:\/\/www.actualidadadiario.com\/index.php\/wp-json\/wp\/v2\/posts\/60706\/revisions"}],"predecessor-version":[{"id":60708,"href":"https:\/\/www.actualidadadiario.com\/index.php\/wp-json\/wp\/v2\/posts\/60706\/revisions\/60708"}],"wp:featuredmedia":[{"embeddable":true,"href":"https:\/\/www.actualidadadiario.com\/index.php\/wp-json\/wp\/v2\/media\/60707"}],"wp:attachment":[{"href":"https:\/\/www.actualidadadiario.com\/index.php\/wp-json\/wp\/v2\/media?parent=60706"}],"wp:term":[{"taxonomy":"category","embeddable":true,"href":"https:\/\/www.actualidadadiario.com\/index.php\/wp-json\/wp\/v2\/categories?post=60706"},{"taxonomy":"post_tag","embeddable":true,"href":"https:\/\/www.actualidadadiario.com\/index.php\/wp-json\/wp\/v2\/tags?post=60706"}],"curies":[{"name":"wp","href":"https:\/\/api.w.org\/{rel}","templated":true}]}}