{"id":60694,"date":"2020-04-27T12:56:57","date_gmt":"2020-04-27T15:56:57","guid":{"rendered":"https:\/\/www.actualidadadiario.com\/?p=60694"},"modified":"2020-04-27T12:56:57","modified_gmt":"2020-04-27T15:56:57","slug":"las-provincias-evaluan-si-se-suman-a-la-negociacion-nacional-de-la-deuda","status":"publish","type":"post","link":"https:\/\/www.actualidadadiario.com\/index.php\/2020\/04\/27\/las-provincias-evaluan-si-se-suman-a-la-negociacion-nacional-de-la-deuda\/","title":{"rendered":"Las provincias eval\u00faan si se suman a la negociaci\u00f3n nacional de la deuda"},"content":{"rendered":"<p style=\"text-align: center;\"><em><strong>La propuesta la hizo el ministro de Econom\u00eda, Mart\u00edn Guzm\u00e1n, el jueves pasado. Si bien hay realidades diferentes, en todos los casos aprieta la falta de recursos<\/strong><\/em><\/p>\n<p>&nbsp;<\/p>\n<p>&nbsp;<\/p>\n<p>Presentada la oferta para la reestructuraci\u00f3n de la deuda p\u00fablica nacional, arranc\u00f3 una segunda etapa: el ordenamiento de los pasivos provinciales. En la \u00faltima semana se conform\u00f3 un grupo de trabajo entre el Ministerio de Econom\u00eda y las respectivas administraciones para coordinar la tarea. La denominada Unidad de Apoyo de la Sostenibilidad de la Deuda P\u00fablica Provincial busca abrir un paraguas legal a un proceso que, con mayor o menor fuerza, las distintas jurisdicciones ya estaban encarando. \u201cA futuro hay que dejar de endeudarse en d\u00f3lares. Es parte de una estrategia nacional e instamos a las provincias a alinearse con esta premisa\u201d, fue la l\u00ednea que baj\u00f3 el ministro Mart\u00edn Guzm\u00e1n en la reuni\u00f3n del jueves.<\/p>\n<p>La situaci\u00f3n se origin\u00f3 en el acelerado proceso de emisi\u00f3n de t\u00edtulos por parte de las provincias en a\u00f1os recientes, replicando la conducta del gobierno central durante la gesti\u00f3n de Mauricio Macri. Seg\u00fan informes del Instituto del Trabajo y la Econom\u00eda (ITE), entre enero de 2016 y marzo de 2018 (cuando la devaluaci\u00f3n torn\u00f3 inviable el financiamiento externo) hubo 13 provincias que tomaron cr\u00e9ditos en moneda dura por U$S 12.300 millones, con tasas de hasta 9,75% anual. La imprevisi\u00f3n y el desorden se reflejaron en una alt\u00edsima concentraci\u00f3n de vencimientos en el corto plazo, de las que la provincia de Buenos Aires es ejemplo: debe abonar U$S 6100 millones en el per\u00edodo 2020-2023.<\/p>\n<p>Por esa raz\u00f3n, el gobierno bonaerense (que en febrero hab\u00eda intentado sin \u00e9xito postergar el vencimiento de un bono en d\u00f3lares) propuso un canje calcado al que dispuso la Naci\u00f3n a los bonistas internacionales. Esto es, nuevos t\u00edtulos a mayor plazo, dos a\u00f1os y medio de gracia para los intereses m\u00e1s seis para el capital y tasas escalonadas mucho m\u00e1s bajas que las actuales. En La Plata estiman que el esquema implica una reducci\u00f3n de 7% en el capital y 55% en los intereses. De paso, la provincia se acogi\u00f3 al per\u00edodo de gracia de 30 d\u00edas y no abon\u00f3 los intereses del bono BP 28, que debieron ser pagados el lunes.<\/p>\n<p>No es un caso aislado. Tambi\u00e9n La Rioja us\u00f3 esa pr\u00f3rroga para abonar U$S 14,7 millones de intereses de un bono provincial que venc\u00edan en febrero. \u201cLo hicimos el 24 de marzo. Fue importante que Naci\u00f3n nos cancelara una deuda de $ 600 millones. Econom\u00eda nos pidi\u00f3 que pag\u00e1ramos s\u00ed o s\u00ed para no complicar sus negociaciones por la deuda del pa\u00eds. El pr\u00f3ximo pago es en agosto y la idea es encarar en conjunto las deudas en d\u00f3lares de todas las provincias\u201d, admiti\u00f3 el gobernador riojano, Ricardo Quintela.<\/p>\n<p>En muchos casos, las complicaciones surgen por el incesante goteo de montos que parecen manejables. Por ejemplo, los U$S 13,9 millones que debe abonar C\u00f3rdoba cada tres meses por intereses y capital del bono CO26, que se amortiza en 32 cuotas. Si el gobernador Juan Schiaretti aprovech\u00f3 el pago de enero para diferenciarse de las dificultades de Axel Kicillof con la deuda bonaerense, ahora tuvo que rascar el fondo de la olla: entreg\u00f3 a sus proveedores bonos forzosos por $ 9000 millones para preservar el efectivo.<\/p>\n<p>La crisis por el coronavirus complic\u00f3 las cosas por la ca\u00edda en la recaudaci\u00f3n fiscal. Seg\u00fan el IERAL, instituto que depende de la Fundaci\u00f3n Mediterr\u00e1nea, en 16 de las 17 jurisdicciones con informaci\u00f3n disponible se registraron bajas en t\u00e9rminos reales (la excepci\u00f3n fue Salta). En el primer trimestre del a\u00f1o, Buenos Aires y Catamarca vieron reducir sus recursos en 20% en comparaci\u00f3n con 2019, una vez descontada la inflaci\u00f3n. El panorama se agudizar\u00e1 en abril, sobre todo en las provincias con regal\u00edas petroleras o con cadenas productivas orientadas a la exportaci\u00f3n.<\/p>\n<p>&nbsp;<\/p>\n<p><strong>Las claves<\/strong><\/p>\n<p>Buenos Aires present\u00f3 el jueves su propuesta de reestructuraci\u00f3n de deuda. Ofrece canjear U$S 7148 millones en bonos por otros con vencimiento en 2032 y 2040, con seis y 13 a\u00f1os de gracia y una tasa de inter\u00e9s creciente que arrancar\u00e1 en 0,375 por ciento. El primer pago de intereses ser\u00e1 en 2023. Aliviar\u00eda la carga en U$S 5.000 millones por los pr\u00f3ximos diez a\u00f1os.<\/p>\n<p>C\u00f3rdoba tiene bonos por U$S 1900 millones, el primero de los cuales (por U$S 725 millones) vence en junio de 2021. El ministro de Finanzas, Osvaldo Giordano, estim\u00f3 que la situaci\u00f3n exige un \u201creplanteo\u201d y una \u201cflexibilizaci\u00f3n de los plazos\u201d.<\/p>\n<p>Mendoza decidi\u00f3 refinanciar su t\u00edtulo bajo ley neoyorquina de U$S 590 millones, con amortizaci\u00f3n por tercios a partir de mayo de 2022. Est\u00e1 buscando asesores legales para iniciar el proceso.<\/p>\n<p>Chubut paga cada tres meses U$S 12,6 millones, entre capital e intereses, por un bono con vencimiento en 2026 garantizado por regal\u00edas petroleras. Su deuda en moneda extranjera ronda los 800 millones de d\u00f3lares.<\/p>\n","protected":false},"excerpt":{"rendered":"<p>La propuesta la hizo el ministro de Econom\u00eda, Mart\u00edn Guzm\u00e1n, el jueves pasado. Si bien hay realidades diferentes, en todos los casos aprieta la falta de recursos &nbsp; &nbsp; Presentada la oferta para la reestructuraci\u00f3n de la deuda p\u00fablica nacional, arranc\u00f3 una segunda etapa: el ordenamiento de los pasivos provinciales. En la \u00faltima semana se conform\u00f3 un grupo de trabajo entre el Ministerio de Econom\u00eda y las respectivas administraciones para coordinar la tarea. La denominada Unidad de Apoyo de la Sostenibilidad de la Deuda P\u00fablica Provincial busca abrir un paraguas&#8230;<\/p>\n","protected":false},"author":3,"featured_media":60695,"comment_status":"closed","ping_status":"closed","sticky":false,"template":"","format":"standard","meta":[],"categories":[2],"tags":[],"_links":{"self":[{"href":"https:\/\/www.actualidadadiario.com\/index.php\/wp-json\/wp\/v2\/posts\/60694"}],"collection":[{"href":"https:\/\/www.actualidadadiario.com\/index.php\/wp-json\/wp\/v2\/posts"}],"about":[{"href":"https:\/\/www.actualidadadiario.com\/index.php\/wp-json\/wp\/v2\/types\/post"}],"author":[{"embeddable":true,"href":"https:\/\/www.actualidadadiario.com\/index.php\/wp-json\/wp\/v2\/users\/3"}],"replies":[{"embeddable":true,"href":"https:\/\/www.actualidadadiario.com\/index.php\/wp-json\/wp\/v2\/comments?post=60694"}],"version-history":[{"count":1,"href":"https:\/\/www.actualidadadiario.com\/index.php\/wp-json\/wp\/v2\/posts\/60694\/revisions"}],"predecessor-version":[{"id":60696,"href":"https:\/\/www.actualidadadiario.com\/index.php\/wp-json\/wp\/v2\/posts\/60694\/revisions\/60696"}],"wp:featuredmedia":[{"embeddable":true,"href":"https:\/\/www.actualidadadiario.com\/index.php\/wp-json\/wp\/v2\/media\/60695"}],"wp:attachment":[{"href":"https:\/\/www.actualidadadiario.com\/index.php\/wp-json\/wp\/v2\/media?parent=60694"}],"wp:term":[{"taxonomy":"category","embeddable":true,"href":"https:\/\/www.actualidadadiario.com\/index.php\/wp-json\/wp\/v2\/categories?post=60694"},{"taxonomy":"post_tag","embeddable":true,"href":"https:\/\/www.actualidadadiario.com\/index.php\/wp-json\/wp\/v2\/tags?post=60694"}],"curies":[{"name":"wp","href":"https:\/\/api.w.org\/{rel}","templated":true}]}}