{"id":60690,"date":"2020-04-27T12:53:02","date_gmt":"2020-04-27T15:53:02","guid":{"rendered":"https:\/\/www.actualidadadiario.com\/?p=60690"},"modified":"2020-04-27T12:53:02","modified_gmt":"2020-04-27T15:53:02","slug":"se-registro-una-leve-recuperacion-de-la-demanda-electrica-en-la-rama-industrial","status":"publish","type":"post","link":"https:\/\/www.actualidadadiario.com\/index.php\/2020\/04\/27\/se-registro-una-leve-recuperacion-de-la-demanda-electrica-en-la-rama-industrial\/","title":{"rendered":"Se registr\u00f3 una leve recuperaci\u00f3n de la demanda el\u00e9ctrica en la rama industrial"},"content":{"rendered":"<p style=\"text-align: center;\"><em><strong>La Compa\u00f1\u00eda Administradora del Mercado Mayorista El\u00e9ctrico inform\u00f3 un leve aumento en la demanda el\u00e9ctrica durante la \u00faltima semana en el segmento Grandes Usuarios Mayores, m\u00e1s precisamente en &#8220;actividades relacionadas a la producci\u00f3n de met\u00e1licos no automotor&#8221;<\/strong><\/em><\/p>\n<p>&nbsp;<\/p>\n<p>&nbsp;<\/p>\n<p>Entre los grandes usuarios del sistema el\u00e9ctrico argentino se registr\u00f3 en la \u00faltima semana una peque\u00f1a recuperaci\u00f3n en la rama industrial, aunque la demanda general en estas semanas de aislamiento por la pandemia de coronavirus se mantiene un 15% por debajo de igual periodo del a\u00f1o pasado.<\/p>\n<p>As\u00ed se desprende del seguimiento que realiza cada semana Compa\u00f1\u00eda Administradora del Mercado Mayorista El\u00e9ctrico (Cammesa), a partir del relevamiento de demanda de las distribuidoras de todo el pa\u00eds y los grandes usuarios de mercado.<\/p>\n<p>El reporte advierte que se mantiene en general el mismo comportamiento de la demanda en los d\u00edas de aislamiento desde su implementaci\u00f3n el 20 de marzo, aunque &#8220;se comienza a ver en los \u00faltimos d\u00edas un leve aumento de la demanda de distribuidoras y la gran demanda GUMAs&#8221;.<\/p>\n<p>La categor\u00eda GUMAs refleja tres categor\u00edas bien definidas por su nivel de consumo: Grandes Usuarios Mayores (GUMA), Grandes Usuarios Menores (GUME) y Grandes Usuarios Particulares (GUPA).<\/p>\n<p>En este leve movimiento al alza de la demanda, Cammesa reconoce que &#8220;se observa una peque\u00f1a recuperaci\u00f3n en la rama industrial, m\u00e1s precisamente en las actividades relacionada a la producci\u00f3n de productos met\u00e1licos no automotor&#8221;.<\/p>\n<p>Este se explica por mayor demanda de la compa\u00f1\u00eda Siderca y por el aumento de la demanda en empresas de la construcci\u00f3n por aumento en la producci\u00f3n en compa\u00f1\u00edas como las cementeras Loma Negra, Avellaneda y Minetti, que se encuentran en un nivel equivalente a entre 45% y 50% previo a la cuarentena.<\/p>\n<p>Cammesa viene analizando los valores de los distintos usuarios comparando la demanda promedio de abril en per\u00edodo de aislamiento a una semana t\u00edpica de abril de 2019.<\/p>\n<p>Si bien la demanda distribuida (total menos GUMA) var\u00eda mucho con la temperatura y el tipo de d\u00eda, si se compara una semana del periodo de cuarentena con el a\u00f1o 2019 para d\u00edas similares en cuanto a temperatura y tipo de d\u00eda de abril 2019, en valores medios se est\u00e1 observando una baja de 2200 MW, representando una ca\u00edda del orden de 15%.<\/p>\n<p>De acuerdo a ese informe, se registr\u00f3 en la demanda total del Mercado El\u00e9ctrico Mayorista un promedio de 12.166 Mw\/d\u00eda en la \u00faltima semana registrada de abril frente a los 14.377 Mw\/d\u00eda de similar semana de abril del a\u00f1o pasado, lo que representa una ca\u00edda de -2211 Mw equivalente a un -15,4%<\/p>\n<p>Al avanzar en el detalle de la composici\u00f3n del sistema el\u00e9ctrico, se observa que la demanda de las distribuidoras cay\u00f3 en promedio en todo el pa\u00eds un 11,2% con un requerimiento menor de 1.365 Mw, dentro de lo cual se explica un crecimiento del consumo de hogares no suficientes para compensar la retracci\u00f3n del resto de las actividades.<\/p>\n<p>El efecto aislamiento se hizo m\u00e1s notorio en los denominados Grandes Usuarios (GU), a cuyo interior las industrias tuvieron una ca\u00edda de 46,7% (-729Mw), los sectores de la alimentaci\u00f3n, comercio y servicios que se cayeron 18,8% (-82Mw), y las actividades de petr\u00f3leo y minerales que se retrajeron 15,3% (-36Mw).<\/p>\n","protected":false},"excerpt":{"rendered":"<p>La Compa\u00f1\u00eda Administradora del Mercado Mayorista El\u00e9ctrico inform\u00f3 un leve aumento en la demanda el\u00e9ctrica durante la \u00faltima semana en el segmento Grandes Usuarios Mayores, m\u00e1s precisamente en &#8220;actividades relacionadas a la producci\u00f3n de met\u00e1licos no automotor&#8221; &nbsp; &nbsp; Entre los grandes usuarios del sistema el\u00e9ctrico argentino se registr\u00f3 en la \u00faltima semana una peque\u00f1a recuperaci\u00f3n en la rama industrial, aunque la demanda general en estas semanas de aislamiento por la pandemia de coronavirus se mantiene un 15% por debajo de igual periodo del a\u00f1o pasado. As\u00ed se desprende del&#8230;<\/p>\n","protected":false},"author":3,"featured_media":47505,"comment_status":"closed","ping_status":"closed","sticky":false,"template":"","format":"standard","meta":[],"categories":[2],"tags":[],"_links":{"self":[{"href":"https:\/\/www.actualidadadiario.com\/index.php\/wp-json\/wp\/v2\/posts\/60690"}],"collection":[{"href":"https:\/\/www.actualidadadiario.com\/index.php\/wp-json\/wp\/v2\/posts"}],"about":[{"href":"https:\/\/www.actualidadadiario.com\/index.php\/wp-json\/wp\/v2\/types\/post"}],"author":[{"embeddable":true,"href":"https:\/\/www.actualidadadiario.com\/index.php\/wp-json\/wp\/v2\/users\/3"}],"replies":[{"embeddable":true,"href":"https:\/\/www.actualidadadiario.com\/index.php\/wp-json\/wp\/v2\/comments?post=60690"}],"version-history":[{"count":1,"href":"https:\/\/www.actualidadadiario.com\/index.php\/wp-json\/wp\/v2\/posts\/60690\/revisions"}],"predecessor-version":[{"id":60691,"href":"https:\/\/www.actualidadadiario.com\/index.php\/wp-json\/wp\/v2\/posts\/60690\/revisions\/60691"}],"wp:featuredmedia":[{"embeddable":true,"href":"https:\/\/www.actualidadadiario.com\/index.php\/wp-json\/wp\/v2\/media\/47505"}],"wp:attachment":[{"href":"https:\/\/www.actualidadadiario.com\/index.php\/wp-json\/wp\/v2\/media?parent=60690"}],"wp:term":[{"taxonomy":"category","embeddable":true,"href":"https:\/\/www.actualidadadiario.com\/index.php\/wp-json\/wp\/v2\/categories?post=60690"},{"taxonomy":"post_tag","embeddable":true,"href":"https:\/\/www.actualidadadiario.com\/index.php\/wp-json\/wp\/v2\/tags?post=60690"}],"curies":[{"name":"wp","href":"https:\/\/api.w.org\/{rel}","templated":true}]}}