{"id":60681,"date":"2020-04-27T12:46:41","date_gmt":"2020-04-27T15:46:41","guid":{"rendered":"https:\/\/www.actualidadadiario.com\/?p=60681"},"modified":"2020-04-27T12:46:41","modified_gmt":"2020-04-27T15:46:41","slug":"el-senado-sesionaria-este-miercoles-por-videoconferencia","status":"publish","type":"post","link":"https:\/\/www.actualidadadiario.com\/index.php\/2020\/04\/27\/el-senado-sesionaria-este-miercoles-por-videoconferencia\/","title":{"rendered":"El Senado sesionar\u00eda este mi\u00e9rcoles por videoconferencia"},"content":{"rendered":"<p style=\"text-align: center;\"><em><strong>Este mi\u00e9rcoles a las 19 sesionar\u00eda el Senado provincial. \u201cLo haremos a trav\u00e9s de videconferencia\u201d, ratific\u00f3 la senadora por Diamante, Claudia Gieco. El cuerpo qued\u00f3 habilitado a usar este mecanismo despu\u00e9s del dictado del Decreto N\u00b0051<\/strong><\/em><\/p>\n<p>&nbsp;<\/p>\n<p>&nbsp;<\/p>\n<p>&nbsp;<\/p>\n<p>La senadora por el departamento Diamante, Claudia Gieco, adelant\u00f3 que el mi\u00e9rcoles a las 19:00 sesionar\u00eda el Senado a trav\u00e9s de una videoconferencia.<\/p>\n<p>El cuerpo qued\u00f3 habilitado a usar este mecanismo despu\u00e9s del dictado del Decreto N\u00b0051, que permite al cuerpo legislativo a sesionar fuera de su recinto a trav\u00e9s de herramientas que brindan las nuevas tecnolog\u00edas.<\/p>\n<p>&nbsp;<\/p>\n<p><strong>Reuniones de Comisi\u00f3n<\/strong><\/p>\n<p>En el instructivo fijado para las videoconferencias, el Senado advirti\u00f3 que continuar\u00e1 usando el Reglamento Interno para el funcionamiento de las Comisiones. \u201cSi alguno de los integrantes de la Comisi\u00f3n optase por la participaci\u00f3n en la reuni\u00f3n de modo presencial, deber\u00e1 comunicarlo con una anticipaci\u00f3n prudencial a efectos de adoptar medidas de seguridad e higiene tendientes a garantizar su integridad y salud f\u00edsica\u201d, dice el texto.<\/p>\n","protected":false},"excerpt":{"rendered":"<p>Este mi\u00e9rcoles a las 19 sesionar\u00eda el Senado provincial. \u201cLo haremos a trav\u00e9s de videconferencia\u201d, ratific\u00f3 la senadora por Diamante, Claudia Gieco. El cuerpo qued\u00f3 habilitado a usar este mecanismo despu\u00e9s del dictado del Decreto N\u00b0051 &nbsp; &nbsp; &nbsp; La senadora por el departamento Diamante, Claudia Gieco, adelant\u00f3 que el mi\u00e9rcoles a las 19:00 sesionar\u00eda el Senado a trav\u00e9s de una videoconferencia. El cuerpo qued\u00f3 habilitado a usar este mecanismo despu\u00e9s del dictado del Decreto N\u00b0051, que permite al cuerpo legislativo a sesionar fuera de su recinto a trav\u00e9s de&#8230;<\/p>\n","protected":false},"author":3,"featured_media":60682,"comment_status":"closed","ping_status":"closed","sticky":false,"template":"","format":"standard","meta":[],"categories":[15],"tags":[],"_links":{"self":[{"href":"https:\/\/www.actualidadadiario.com\/index.php\/wp-json\/wp\/v2\/posts\/60681"}],"collection":[{"href":"https:\/\/www.actualidadadiario.com\/index.php\/wp-json\/wp\/v2\/posts"}],"about":[{"href":"https:\/\/www.actualidadadiario.com\/index.php\/wp-json\/wp\/v2\/types\/post"}],"author":[{"embeddable":true,"href":"https:\/\/www.actualidadadiario.com\/index.php\/wp-json\/wp\/v2\/users\/3"}],"replies":[{"embeddable":true,"href":"https:\/\/www.actualidadadiario.com\/index.php\/wp-json\/wp\/v2\/comments?post=60681"}],"version-history":[{"count":1,"href":"https:\/\/www.actualidadadiario.com\/index.php\/wp-json\/wp\/v2\/posts\/60681\/revisions"}],"predecessor-version":[{"id":60683,"href":"https:\/\/www.actualidadadiario.com\/index.php\/wp-json\/wp\/v2\/posts\/60681\/revisions\/60683"}],"wp:featuredmedia":[{"embeddable":true,"href":"https:\/\/www.actualidadadiario.com\/index.php\/wp-json\/wp\/v2\/media\/60682"}],"wp:attachment":[{"href":"https:\/\/www.actualidadadiario.com\/index.php\/wp-json\/wp\/v2\/media?parent=60681"}],"wp:term":[{"taxonomy":"category","embeddable":true,"href":"https:\/\/www.actualidadadiario.com\/index.php\/wp-json\/wp\/v2\/categories?post=60681"},{"taxonomy":"post_tag","embeddable":true,"href":"https:\/\/www.actualidadadiario.com\/index.php\/wp-json\/wp\/v2\/tags?post=60681"}],"curies":[{"name":"wp","href":"https:\/\/api.w.org\/{rel}","templated":true}]}}