{"id":60678,"date":"2020-04-27T12:46:00","date_gmt":"2020-04-27T15:46:00","guid":{"rendered":"https:\/\/www.actualidadadiario.com\/?p=60678"},"modified":"2020-04-27T12:46:00","modified_gmt":"2020-04-27T15:46:00","slug":"las-pensiones-por-fallecimiento-ya-se-pueden-tramitar-a-distancia","status":"publish","type":"post","link":"https:\/\/www.actualidadadiario.com\/index.php\/2020\/04\/27\/las-pensiones-por-fallecimiento-ya-se-pueden-tramitar-a-distancia\/","title":{"rendered":"Las pensiones por fallecimiento ya se pueden tramitar a distancia"},"content":{"rendered":"<p style=\"text-align: center;\"><em><strong>La Caja de Jubilaciones de la provincia pone en marcha este novedoso mecanismo dese este lunes. Esta modalidad permitir\u00e1 a aquellas personas que quieran iniciar el tr\u00e1mite de un beneficio de pensi\u00f3n por familiar fallecido, hacerlo mediante canales digitales, prescindiendo de gestiones presenciales<\/strong><\/em><\/p>\n<p>&nbsp;<\/p>\n<p>&nbsp;<\/p>\n<p>El presidente de la Caja, Daniel El\u00edas, aclar\u00f3 que el ingreso del pedido y el inicio del respectivo expediente \u201cno implicar\u00e1 la concesi\u00f3n del beneficio, lo cual ser\u00e1 resuelto por la presidencia de la Caja, previo an\u00e1lisis de cada caso concreto y conforme el procedimiento previsto para ello\u201d.<\/p>\n<p>Desde el organismo previsional se inform\u00f3 c\u00f3mo se implementar\u00e1 la nueva modalidad. Para iniciar el tr\u00e1mite de pensi\u00f3n por falleciendo de un familiar (las cuales revistan derecho suficiente para ello y posean 18 a\u00f1os de edad como m\u00ednimo) deber\u00e1n en principio contactar a la Caja de Jubilaciones y Pensiones de Entre R\u00edos a trav\u00e9s de los siguientes contactos:<\/p>\n<p>-mensaje de texto: 3436211903 o por whatsapp: +5493436211903<\/p>\n<p>-mensaje de texto: 3436211772 o por whatsapp: +5493436211772<\/p>\n<p>-mensaje de texto: 3434667593 o por whatsapp: +5493434667593<\/p>\n<p>La Caja \u00fanicamente se comunicar\u00e1 por alguno de los tel\u00e9fonos declarados oficialmente en este sitio. Solicitan no brindar informaci\u00f3n de ning\u00fan tipo si el mensaje o la llamada no provienen de alguno de estos n\u00fameros oficiales.<\/p>\n<p>&nbsp;<\/p>\n<p><strong>Contenido del mensaje<\/strong><\/p>\n<p>El mensaje que se env\u00ede debe contener la siguiente informaci\u00f3n:<\/p>\n<p>&#8211; Apellido, nombres y documento del causante\/fallecido\/a.<\/p>\n<p>&#8211; V\u00ednculo de quien env\u00eda el mensaje en relaci\u00f3n al causante.<\/p>\n<p>&#8211; Fecha y lugar de fallecimiento del causante.<\/p>\n<p>-Apellido, nombres y documento de quien env\u00eda el mensaje y \/o quien inicia el tr\u00e1mite (en caso que no coincidan).<\/p>\n<p>-Jubilado\/retirado o lugar de trabajo del causante.<\/p>\n<p>-Tel\u00e9fono de contacto con quien env\u00eda el mensaje.<\/p>\n<p>&#8211; Direcci\u00f3n de correo electr\u00f3nico de quien env\u00eda el mensaje (no obligatorio).<\/p>\n<p>&nbsp;<\/p>\n<p><strong>Respuesta en un plazo de tres d\u00edas<\/strong><\/p>\n<p>Enviado el mensaje, se recibir\u00e1 un llamado telef\u00f3nico dentro de los tres d\u00edas h\u00e1biles posteriores y ser\u00e1 desde alguno de los tres n\u00fameros que pertenecen a la Caja.\u00a0 Este llamado estar\u00e1 a cargo de un personal del organismo para completar un cuestionario con datos b\u00e1sicos que ser\u00e1n necesarios para el inicio del expediente<\/p>\n<p>El presidente de la Caja aclar\u00f3 que \u201ctoda la carga y procesamiento de datos se realizar\u00e1 por parte del personal que se contacte con el\/la equirente y en ning\u00fan caso se solicitar\u00e1 informaci\u00f3n que no est\u00e9 estrictamente vinculada al inicio de la gesti\u00f3n o que sea de car\u00e1cter bancario, monetario o similar\u201d.<\/p>\n<p>Apunt\u00f3 adem\u00e1s que \u201cse recomienda especialmente por ser de importancia, la posibilidad de proporcionar una direcci\u00f3n de correo electr\u00f3nico (e-mail) ya sea personal o de familiar o persona de confianza del solicitante, a donde se le pueda informar con mayor fluidez y claridad respecto del estado y avance de su tr\u00e1mite\u201d.<\/p>\n<p>En cuanto a la documentaci\u00f3n necesaria, refiri\u00f3 que &#8220;a partir de ahora, la Caja dejar\u00e1 de pedir y exigir todo tipo de documentos como partidas de nacimiento, defunci\u00f3n, certificados de escolaridad, fotocopias del documento nacional de identidad o instrumentos de prueba que est\u00e9n en posesi\u00f3n del Estado sea nacional, provincial o municipal, ya que hizo convenio con cada \u00e1rea correspondiente para gestionar dicha documentaci\u00f3n\u201d.<\/p>\n","protected":false},"excerpt":{"rendered":"<p>La Caja de Jubilaciones de la provincia pone en marcha este novedoso mecanismo dese este lunes. Esta modalidad permitir\u00e1 a aquellas personas que quieran iniciar el tr\u00e1mite de un beneficio de pensi\u00f3n por familiar fallecido, hacerlo mediante canales digitales, prescindiendo de gestiones presenciales &nbsp; &nbsp; El presidente de la Caja, Daniel El\u00edas, aclar\u00f3 que el ingreso del pedido y el inicio del respectivo expediente \u201cno implicar\u00e1 la concesi\u00f3n del beneficio, lo cual ser\u00e1 resuelto por la presidencia de la Caja, previo an\u00e1lisis de cada caso concreto y conforme el procedimiento&#8230;<\/p>\n","protected":false},"author":3,"featured_media":60679,"comment_status":"closed","ping_status":"closed","sticky":false,"template":"","format":"standard","meta":[],"categories":[15],"tags":[],"_links":{"self":[{"href":"https:\/\/www.actualidadadiario.com\/index.php\/wp-json\/wp\/v2\/posts\/60678"}],"collection":[{"href":"https:\/\/www.actualidadadiario.com\/index.php\/wp-json\/wp\/v2\/posts"}],"about":[{"href":"https:\/\/www.actualidadadiario.com\/index.php\/wp-json\/wp\/v2\/types\/post"}],"author":[{"embeddable":true,"href":"https:\/\/www.actualidadadiario.com\/index.php\/wp-json\/wp\/v2\/users\/3"}],"replies":[{"embeddable":true,"href":"https:\/\/www.actualidadadiario.com\/index.php\/wp-json\/wp\/v2\/comments?post=60678"}],"version-history":[{"count":1,"href":"https:\/\/www.actualidadadiario.com\/index.php\/wp-json\/wp\/v2\/posts\/60678\/revisions"}],"predecessor-version":[{"id":60680,"href":"https:\/\/www.actualidadadiario.com\/index.php\/wp-json\/wp\/v2\/posts\/60678\/revisions\/60680"}],"wp:featuredmedia":[{"embeddable":true,"href":"https:\/\/www.actualidadadiario.com\/index.php\/wp-json\/wp\/v2\/media\/60679"}],"wp:attachment":[{"href":"https:\/\/www.actualidadadiario.com\/index.php\/wp-json\/wp\/v2\/media?parent=60678"}],"wp:term":[{"taxonomy":"category","embeddable":true,"href":"https:\/\/www.actualidadadiario.com\/index.php\/wp-json\/wp\/v2\/categories?post=60678"},{"taxonomy":"post_tag","embeddable":true,"href":"https:\/\/www.actualidadadiario.com\/index.php\/wp-json\/wp\/v2\/tags?post=60678"}],"curies":[{"name":"wp","href":"https:\/\/api.w.org\/{rel}","templated":true}]}}