{"id":60676,"date":"2020-04-27T12:45:12","date_gmt":"2020-04-27T15:45:12","guid":{"rendered":"https:\/\/www.actualidadadiario.com\/?p=60676"},"modified":"2020-04-27T12:45:12","modified_gmt":"2020-04-27T15:45:12","slug":"caceres-respondio-las-acusaciones-contra-romero-los-diputados-de-la-ucr-no-quisieron-recibirla","status":"publish","type":"post","link":"https:\/\/www.actualidadadiario.com\/index.php\/2020\/04\/27\/caceres-respondio-las-acusaciones-contra-romero-los-diputados-de-la-ucr-no-quisieron-recibirla\/","title":{"rendered":"C\u00e1ceres respondi\u00f3 las acusaciones contra Romero: \u201cLos diputados de la UCR no quisieron recibirla\u201d"},"content":{"rendered":"<p style=\"text-align: center;\"><em><strong>El secretario general del Partido Justicialista de Entre R\u00edos y actual diputado provincial, Jos\u00e9 C\u00e1ceres, sali\u00f3 al cruce del documento del Comit\u00e9 provincial y el bloque de diputados provinciales de la UCR en el cual cuestionaban al oficialismo por la sesi\u00f3n en la que se rechaz\u00f3, por el voto mayoritario compuesto por oficialistas y opositores, el pedido de interpelaci\u00f3n de la Ministra de Gobierno, Rosario Romero, por el femicidio de F\u00e1tima Acevedo<\/strong><\/em><\/p>\n<p>&nbsp;<\/p>\n<p>&#8220;Estos dirigentes de la UCR est\u00e1n haciendo una utilizaci\u00f3n pol\u00edtica de un hecho que nos duele a todos los entrerrianos y entrerrianas. Ser\u00eda bueno que aporten ideas y propuestas y no buscar un atril para hacer pol\u00edtica de la forma m\u00e1s hip\u00f3crita. Nuestra provincia merece una mejor oposici\u00f3n pol\u00edtica&#8221;, afirm\u00f3 Jos\u00e9 C\u00e1ceres.<\/p>\n<p>&#8220;Me genera desconcierto que los dirigentes de la UCR reclamen ahora que la Ministra de Gobierno concurra al reciento a brindarles explicaciones, cuando Rosario Romero se ofreci\u00f3 a tener una reuni\u00f3n en la C\u00e1mara de Diputados con ellos, antes incluso de las medidas de aislamiento social impuestas por la pandemia, hecho que fue reconocido en la \u00faltima sesi\u00f3n por Diputados de la oposici\u00f3n. En aquella ocasi\u00f3n, los legisladores radicales rechazaron el ofrecimiento de la ministra, quien quer\u00eda mantener una reuni\u00f3n institucional con ellos para evacuar las inquietudes respecto del accionar de nuestro gobierno en relaci\u00f3n al femicidio de F\u00e1tima Acevedo. La predisposici\u00f3n del Poder Ejecutivo encontr\u00f3 el incomprensible rechazo de los legisladores de la UCR que justamente hoy reclaman todo lo contrario. M\u00e1s a\u00fan, luego fueron recibidos por la ministra y desarrollaron un amplio temario que evidentemente no contemplaba el caso de F\u00e1tima. Es poco serio&#8221;, apunt\u00f3 el ex vicegobernador de la provincia.<\/p>\n<p>&#8220;No considero que sea lo correcto pretender utilizar un tema tan sensible como el femicidio de F\u00e1tima para crear un escenario pol\u00edtico para los diputados de la UCR. Creo que estos temas deben abordarse con seriedad y respeto. Nuestro gobierno ya se ha expresado ante la opini\u00f3n p\u00fablica, y comparte el dolor junto con toda la sociedad. La violencia de g\u00e9nero es un tema que nos preocupa enormemente y una mujer entrerriana v\u00edctima expresa una p\u00e9rdida que sentimos profundamente. Nuestro movimiento tiene a la lucha contra la violencia de g\u00e9nero como una bandera fundamental. La muerte de F\u00e1tima, como todos los femicidos, nos interpelan al extremo y nos marca las cuentas pendientes que tenemos como sociedad, tanto en nuestra provincia como en todo el pa\u00eds. Hoy tenemos a un gobierno nacional que en un claro gesto ha creado el Ministerio de las Mujeres, G\u00e9neros y Diversidad, jerarquizando las pol\u00edticas para las mujeres&#8221;, concluy\u00f3 C\u00e1ceres.<\/p>\n","protected":false},"excerpt":{"rendered":"<p>El secretario general del Partido Justicialista de Entre R\u00edos y actual diputado provincial, Jos\u00e9 C\u00e1ceres, sali\u00f3 al cruce del documento del Comit\u00e9 provincial y el bloque de diputados provinciales de la UCR en el cual cuestionaban al oficialismo por la sesi\u00f3n en la que se rechaz\u00f3, por el voto mayoritario compuesto por oficialistas y opositores, el pedido de interpelaci\u00f3n de la Ministra de Gobierno, Rosario Romero, por el femicidio de F\u00e1tima Acevedo &nbsp; &#8220;Estos dirigentes de la UCR est\u00e1n haciendo una utilizaci\u00f3n pol\u00edtica de un hecho que nos duele a&#8230;<\/p>\n","protected":false},"author":3,"featured_media":52835,"comment_status":"closed","ping_status":"closed","sticky":false,"template":"","format":"standard","meta":[],"categories":[15],"tags":[],"_links":{"self":[{"href":"https:\/\/www.actualidadadiario.com\/index.php\/wp-json\/wp\/v2\/posts\/60676"}],"collection":[{"href":"https:\/\/www.actualidadadiario.com\/index.php\/wp-json\/wp\/v2\/posts"}],"about":[{"href":"https:\/\/www.actualidadadiario.com\/index.php\/wp-json\/wp\/v2\/types\/post"}],"author":[{"embeddable":true,"href":"https:\/\/www.actualidadadiario.com\/index.php\/wp-json\/wp\/v2\/users\/3"}],"replies":[{"embeddable":true,"href":"https:\/\/www.actualidadadiario.com\/index.php\/wp-json\/wp\/v2\/comments?post=60676"}],"version-history":[{"count":1,"href":"https:\/\/www.actualidadadiario.com\/index.php\/wp-json\/wp\/v2\/posts\/60676\/revisions"}],"predecessor-version":[{"id":60677,"href":"https:\/\/www.actualidadadiario.com\/index.php\/wp-json\/wp\/v2\/posts\/60676\/revisions\/60677"}],"wp:featuredmedia":[{"embeddable":true,"href":"https:\/\/www.actualidadadiario.com\/index.php\/wp-json\/wp\/v2\/media\/52835"}],"wp:attachment":[{"href":"https:\/\/www.actualidadadiario.com\/index.php\/wp-json\/wp\/v2\/media?parent=60676"}],"wp:term":[{"taxonomy":"category","embeddable":true,"href":"https:\/\/www.actualidadadiario.com\/index.php\/wp-json\/wp\/v2\/categories?post=60676"},{"taxonomy":"post_tag","embeddable":true,"href":"https:\/\/www.actualidadadiario.com\/index.php\/wp-json\/wp\/v2\/tags?post=60676"}],"curies":[{"name":"wp","href":"https:\/\/api.w.org\/{rel}","templated":true}]}}