{"id":60674,"date":"2020-04-27T12:44:30","date_gmt":"2020-04-27T15:44:30","guid":{"rendered":"https:\/\/www.actualidadadiario.com\/?p=60674"},"modified":"2020-04-27T12:44:30","modified_gmt":"2020-04-27T15:44:30","slug":"concordia-no-autoriza-salidas-recreativas-todavia-no-es-aplicable-aclaran","status":"publish","type":"post","link":"https:\/\/www.actualidadadiario.com\/index.php\/2020\/04\/27\/concordia-no-autoriza-salidas-recreativas-todavia-no-es-aplicable-aclaran\/","title":{"rendered":"Concordia no autoriza salidas recreativas: &#8220;Todav\u00eda no es aplicable&#8221;, aclaran"},"content":{"rendered":"<p style=\"text-align: center;\"><em><strong>Desde la comuna se inform\u00f3 oficialmente que &#8220;en lo inmediato&#8221; no se aplicar\u00e1 ninguna modificaci\u00f3n a las medidas de Aislamiento Social, ni a las limitaciones en la circulaci\u00f3n de personas y dem\u00e1s restricciones preventivas<\/strong><\/em><\/p>\n<p>&nbsp;<\/p>\n<p>&nbsp;<\/p>\n<p>La Municipalidad de Concordia y el Comit\u00e9 Operativo de Emergencia Sanitaria (COES) se\u00f1alaron que no se aplicar\u00e1 ninguna modificaci\u00f3n a las medidas de Aislamiento Social, ni a las limitaciones en la circulaci\u00f3n. Esa decisi\u00f3n se tom\u00f3 luego de una serie de reuniones e interconsultas mantenidas durante el fin de semana, luego de los anuncios del presidente de la Naci\u00f3n, Alberto Fern\u00e1ndez.<\/p>\n<p>En consecuencia, se subraya que &#8220;la posibilidad de salidas recreativas no es aplicable a\u00fan en el \u00e1mbito local&#8221;, anticipando que &#8220;lo que se resuelva en tal sentido se definir\u00e1 en conjunto con el Gobierno de la Provincia en los pr\u00f3ximos d\u00edas&#8221;.<\/p>\n<p>En el mismo comunicado se remarca que &#8220;en esta nueva etapa, es muy importante fortalecer el Plan de Contingencia y garantizar el funcionamiento del Bloqueo Sanitario&#8221;, como as\u00ed tambi\u00e9n sigue siendo &#8220;fundamental el compromiso, la solidaridad y la responsabilidad de cada vecino y vecina concordiense para seguir cuid\u00e1ndonos entre todos&#8221;, concluyendo conque &#8220;juntos, saldremos adelante&#8221;.<\/p>\n","protected":false},"excerpt":{"rendered":"<p>Desde la comuna se inform\u00f3 oficialmente que &#8220;en lo inmediato&#8221; no se aplicar\u00e1 ninguna modificaci\u00f3n a las medidas de Aislamiento Social, ni a las limitaciones en la circulaci\u00f3n de personas y dem\u00e1s restricciones preventivas &nbsp; &nbsp; La Municipalidad de Concordia y el Comit\u00e9 Operativo de Emergencia Sanitaria (COES) se\u00f1alaron que no se aplicar\u00e1 ninguna modificaci\u00f3n a las medidas de Aislamiento Social, ni a las limitaciones en la circulaci\u00f3n. Esa decisi\u00f3n se tom\u00f3 luego de una serie de reuniones e interconsultas mantenidas durante el fin de semana, luego de los anuncios&#8230;<\/p>\n","protected":false},"author":3,"featured_media":60670,"comment_status":"closed","ping_status":"closed","sticky":false,"template":"","format":"standard","meta":[],"categories":[15],"tags":[],"_links":{"self":[{"href":"https:\/\/www.actualidadadiario.com\/index.php\/wp-json\/wp\/v2\/posts\/60674"}],"collection":[{"href":"https:\/\/www.actualidadadiario.com\/index.php\/wp-json\/wp\/v2\/posts"}],"about":[{"href":"https:\/\/www.actualidadadiario.com\/index.php\/wp-json\/wp\/v2\/types\/post"}],"author":[{"embeddable":true,"href":"https:\/\/www.actualidadadiario.com\/index.php\/wp-json\/wp\/v2\/users\/3"}],"replies":[{"embeddable":true,"href":"https:\/\/www.actualidadadiario.com\/index.php\/wp-json\/wp\/v2\/comments?post=60674"}],"version-history":[{"count":1,"href":"https:\/\/www.actualidadadiario.com\/index.php\/wp-json\/wp\/v2\/posts\/60674\/revisions"}],"predecessor-version":[{"id":60675,"href":"https:\/\/www.actualidadadiario.com\/index.php\/wp-json\/wp\/v2\/posts\/60674\/revisions\/60675"}],"wp:featuredmedia":[{"embeddable":true,"href":"https:\/\/www.actualidadadiario.com\/index.php\/wp-json\/wp\/v2\/media\/60670"}],"wp:attachment":[{"href":"https:\/\/www.actualidadadiario.com\/index.php\/wp-json\/wp\/v2\/media?parent=60674"}],"wp:term":[{"taxonomy":"category","embeddable":true,"href":"https:\/\/www.actualidadadiario.com\/index.php\/wp-json\/wp\/v2\/categories?post=60674"},{"taxonomy":"post_tag","embeddable":true,"href":"https:\/\/www.actualidadadiario.com\/index.php\/wp-json\/wp\/v2\/tags?post=60674"}],"curies":[{"name":"wp","href":"https:\/\/api.w.org\/{rel}","templated":true}]}}