{"id":60667,"date":"2020-04-27T12:42:29","date_gmt":"2020-04-27T15:42:29","guid":{"rendered":"https:\/\/www.actualidadadiario.com\/?p=60667"},"modified":"2020-04-27T12:42:29","modified_gmt":"2020-04-27T15:42:29","slug":"este-domingo-tampoco-se-registraron-nuevos-casos-de-coronavirus-en-entre-rios","status":"publish","type":"post","link":"https:\/\/www.actualidadadiario.com\/index.php\/2020\/04\/27\/este-domingo-tampoco-se-registraron-nuevos-casos-de-coronavirus-en-entre-rios\/","title":{"rendered":"Este domingo tampoco se registraron nuevos casos de Coronavirus en Entre R\u00edos"},"content":{"rendered":"<p style=\"text-align: center;\"><em><strong>El \u00e1rea de Vigilancia Epidemiol\u00f3gica del Ministerio de Salud de Entre R\u00edos inform\u00f3 que este domingo tampoco se registraron nuevos casos positivos de Coronavirus en Entre R\u00edos, por lo que el n\u00famero de infectados se mantiene en 23. Los \u00faltimos casos positivos se detectaron el 15 y el 23 de abril<\/strong><\/em><\/p>\n<p>&nbsp;<\/p>\n<p>De acuerdo a los datos reportados al 26 de abril a las 19:30 por el \u00e1rea de Vigilancia Epidemiol\u00f3gica del Ministerio de Salud, en Entre R\u00edos no se han sumado nuevos casos de Coronavirus.<\/p>\n<p>De ese modo, la provincia tiene 23 casos confirmados, uno en estudio y 495 descartados, mientras que la cantidad de casos estudiados asciende a un total de 519.<\/p>\n","protected":false},"excerpt":{"rendered":"<p>El \u00e1rea de Vigilancia Epidemiol\u00f3gica del Ministerio de Salud de Entre R\u00edos inform\u00f3 que este domingo tampoco se registraron nuevos casos positivos de Coronavirus en Entre R\u00edos, por lo que el n\u00famero de infectados se mantiene en 23. Los \u00faltimos casos positivos se detectaron el 15 y el 23 de abril &nbsp; De acuerdo a los datos reportados al 26 de abril a las 19:30 por el \u00e1rea de Vigilancia Epidemiol\u00f3gica del Ministerio de Salud, en Entre R\u00edos no se han sumado nuevos casos de Coronavirus. De ese modo, la&#8230;<\/p>\n","protected":false},"author":3,"featured_media":60119,"comment_status":"closed","ping_status":"closed","sticky":false,"template":"","format":"standard","meta":[],"categories":[9],"tags":[],"_links":{"self":[{"href":"https:\/\/www.actualidadadiario.com\/index.php\/wp-json\/wp\/v2\/posts\/60667"}],"collection":[{"href":"https:\/\/www.actualidadadiario.com\/index.php\/wp-json\/wp\/v2\/posts"}],"about":[{"href":"https:\/\/www.actualidadadiario.com\/index.php\/wp-json\/wp\/v2\/types\/post"}],"author":[{"embeddable":true,"href":"https:\/\/www.actualidadadiario.com\/index.php\/wp-json\/wp\/v2\/users\/3"}],"replies":[{"embeddable":true,"href":"https:\/\/www.actualidadadiario.com\/index.php\/wp-json\/wp\/v2\/comments?post=60667"}],"version-history":[{"count":1,"href":"https:\/\/www.actualidadadiario.com\/index.php\/wp-json\/wp\/v2\/posts\/60667\/revisions"}],"predecessor-version":[{"id":60668,"href":"https:\/\/www.actualidadadiario.com\/index.php\/wp-json\/wp\/v2\/posts\/60667\/revisions\/60668"}],"wp:featuredmedia":[{"embeddable":true,"href":"https:\/\/www.actualidadadiario.com\/index.php\/wp-json\/wp\/v2\/media\/60119"}],"wp:attachment":[{"href":"https:\/\/www.actualidadadiario.com\/index.php\/wp-json\/wp\/v2\/media?parent=60667"}],"wp:term":[{"taxonomy":"category","embeddable":true,"href":"https:\/\/www.actualidadadiario.com\/index.php\/wp-json\/wp\/v2\/categories?post=60667"},{"taxonomy":"post_tag","embeddable":true,"href":"https:\/\/www.actualidadadiario.com\/index.php\/wp-json\/wp\/v2\/tags?post=60667"}],"curies":[{"name":"wp","href":"https:\/\/api.w.org\/{rel}","templated":true}]}}