{"id":60664,"date":"2020-04-27T12:41:27","date_gmt":"2020-04-27T15:41:27","guid":{"rendered":"https:\/\/www.actualidadadiario.com\/?p=60664"},"modified":"2020-04-27T12:41:27","modified_gmt":"2020-04-27T15:41:27","slug":"se-analiza-la-nueva-situacion-de-acuerdo-a-los-criterios-dispuestos-por-nacion","status":"publish","type":"post","link":"https:\/\/www.actualidadadiario.com\/index.php\/2020\/04\/27\/se-analiza-la-nueva-situacion-de-acuerdo-a-los-criterios-dispuestos-por-nacion\/","title":{"rendered":"Se analiza la nueva situaci\u00f3n de acuerdo a los criterios dispuestos por Naci\u00f3n"},"content":{"rendered":"<p style=\"text-align: center;\"><em><strong>Tras el anuncio del presidente Alberto Fern\u00e1ndez en relaci\u00f3n a la extensi\u00f3n del aislamiento social obligatorio en el pa\u00eds, el gobernador Gustavo Bordet inform\u00f3 que analizar\u00e1 la situaci\u00f3n epidemiol\u00f3gica en funci\u00f3n de los criterios establecidos por Naci\u00f3n<\/strong><\/em><\/p>\n<p>&nbsp;<\/p>\n<p>&nbsp;<\/p>\n<p>Bordet asegur\u00f3 que el an\u00e1lisis se realizar\u00e1 para \u201ctomar las mejores decisiones que nos permitan seguir cuidando la salud de los entrerrianos\u201d.<\/p>\n<p>El mandatario entrerriano indic\u00f3 a trav\u00e9s de sus redes sociales que el an\u00e1lisis de la situaci\u00f3n epidemiol\u00f3gica se realizar\u00e1 en el marco de los criterios establecidos por Naci\u00f3n, a fin de poder tomar las \u201cmejores decisiones, mientras se comienza a flexibilizar paulatinamente la cuarentena\u201d.<\/p>\n<p>Opin\u00f3 que \u201cel resultado de esta nueva etapa depende de la responsabilidad que tengamos todos y cada uno. Como dijo el Presidente, cuidar salud nuestra y la de los dem\u00e1s no puede ser un sacrificio, tiene que ser un orgullo\u201d.<\/p>\n<p>Finalmente valor\u00f3 \u201cel di\u00e1logo permanente de Alberto Fern\u00e1ndez y sus ministros con todos los gobernadores\u201d, y en ese sentido, indic\u00f3 que \u201cese ha sido otro aspecto central de esta estrategia que deja muy en claro que la salud nos ha unido, y queremos que siga siendo as\u00ed\u201d.<\/p>\n","protected":false},"excerpt":{"rendered":"<p>Tras el anuncio del presidente Alberto Fern\u00e1ndez en relaci\u00f3n a la extensi\u00f3n del aislamiento social obligatorio en el pa\u00eds, el gobernador Gustavo Bordet inform\u00f3 que analizar\u00e1 la situaci\u00f3n epidemiol\u00f3gica en funci\u00f3n de los criterios establecidos por Naci\u00f3n &nbsp; &nbsp; Bordet asegur\u00f3 que el an\u00e1lisis se realizar\u00e1 para \u201ctomar las mejores decisiones que nos permitan seguir cuidando la salud de los entrerrianos\u201d. El mandatario entrerriano indic\u00f3 a trav\u00e9s de sus redes sociales que el an\u00e1lisis de la situaci\u00f3n epidemiol\u00f3gica se realizar\u00e1 en el marco de los criterios establecidos por Naci\u00f3n, a&#8230;<\/p>\n","protected":false},"author":3,"featured_media":60665,"comment_status":"closed","ping_status":"closed","sticky":false,"template":"","format":"standard","meta":[],"categories":[9],"tags":[],"_links":{"self":[{"href":"https:\/\/www.actualidadadiario.com\/index.php\/wp-json\/wp\/v2\/posts\/60664"}],"collection":[{"href":"https:\/\/www.actualidadadiario.com\/index.php\/wp-json\/wp\/v2\/posts"}],"about":[{"href":"https:\/\/www.actualidadadiario.com\/index.php\/wp-json\/wp\/v2\/types\/post"}],"author":[{"embeddable":true,"href":"https:\/\/www.actualidadadiario.com\/index.php\/wp-json\/wp\/v2\/users\/3"}],"replies":[{"embeddable":true,"href":"https:\/\/www.actualidadadiario.com\/index.php\/wp-json\/wp\/v2\/comments?post=60664"}],"version-history":[{"count":1,"href":"https:\/\/www.actualidadadiario.com\/index.php\/wp-json\/wp\/v2\/posts\/60664\/revisions"}],"predecessor-version":[{"id":60666,"href":"https:\/\/www.actualidadadiario.com\/index.php\/wp-json\/wp\/v2\/posts\/60664\/revisions\/60666"}],"wp:featuredmedia":[{"embeddable":true,"href":"https:\/\/www.actualidadadiario.com\/index.php\/wp-json\/wp\/v2\/media\/60665"}],"wp:attachment":[{"href":"https:\/\/www.actualidadadiario.com\/index.php\/wp-json\/wp\/v2\/media?parent=60664"}],"wp:term":[{"taxonomy":"category","embeddable":true,"href":"https:\/\/www.actualidadadiario.com\/index.php\/wp-json\/wp\/v2\/categories?post=60664"},{"taxonomy":"post_tag","embeddable":true,"href":"https:\/\/www.actualidadadiario.com\/index.php\/wp-json\/wp\/v2\/tags?post=60664"}],"curies":[{"name":"wp","href":"https:\/\/api.w.org\/{rel}","templated":true}]}}