{"id":60661,"date":"2020-04-24T13:59:30","date_gmt":"2020-04-24T16:59:30","guid":{"rendered":"https:\/\/www.actualidadadiario.com\/?p=60661"},"modified":"2020-04-24T13:59:30","modified_gmt":"2020-04-24T16:59:30","slug":"crisis-politica-en-brasil-moro-renuncio-y-cargo-contra-bolsonaro","status":"publish","type":"post","link":"https:\/\/www.actualidadadiario.com\/index.php\/2020\/04\/24\/crisis-politica-en-brasil-moro-renuncio-y-cargo-contra-bolsonaro\/","title":{"rendered":"Crisis pol\u00edtica en Brasil: Moro renunci\u00f3 y carg\u00f3 contra Bolsonaro"},"content":{"rendered":"<p style=\"text-align: center;\"><em><strong>El ex juez, quien encabez\u00f3 la persecuci\u00f3n judicial a Lula Da Silva, adelant\u00f3 su decisi\u00f3n en conferencia de prensa luego de que el presidente echara al jefe de la Polic\u00eda Federal sin consultarlo<\/strong><\/em><\/p>\n<p>&nbsp;<\/p>\n<p>&nbsp;<\/p>\n<p>El ministro de Justicia y Seguridad P\u00fablica de Brasil, Sergio Moro, un ex juez que encabez\u00f3 la persecuci\u00f3n judicial contra Lula Da Silva, consider\u00f3 p\u00fablicamente que renunciar\u00e1 a su cargo luego de que el presidente Jair Bolsonaro echara al director general de la Polic\u00eda Federal, Maur\u00edcio Valeixo.<\/p>\n<p>Moro es el segundo ministro clave que sale del gobierno en las \u00faltimas semanas. El titular de Salud, Luiz Henrique Mandetta, tambi\u00e9n renunci\u00f3 en rechazo a la forma en que Bolsonaro enfrenta la pandemia de coronavirus.<\/p>\n<p>En una conferencia de prensa en Brasilia, Moro asegur\u00f3 que la salid del jefe de la Polic\u00eda Federal se explica porque &#8220;el presidente quer\u00eda tener acceso a las investigaciones&#8221; judiciales que realiza esa fuerza.<\/p>\n<p>Moro asegur\u00f3 que esta \u201cinjerencia pol\u00edtica\u201d provoca \u201cda\u00f1o en la credibilidad, no solo la m\u00eda, sino tambi\u00e9n la de este gobierno\u201d, y agreg\u00f3: \u201cEl problema no es solo el cambio del director general, sino que el presidente tambi\u00e9n quer\u00eda cambiar a los superintendentes, sin que se les presentara una raz\u00f3n para hacer estas sustituciones\u201d.<\/p>\n<p>El ex juez federal cont\u00f3 un di\u00e1logo que mantuvo con Bolsonaro. &#8220;El presidente me dijo que quer\u00eda colocar (en la PF) a una persona con quien tuviera contacto personal, a quien pudiese llamar, pedirle informaciones, informes de inteligencia (&#8230;) Prestar ese tipo de informaci\u00f3n no es el papel de la Polic\u00eda Federal&#8221;, se quej\u00f3.<\/p>\n<p>&#8220;No tengo c\u00f3mo mantener los compromisos que asum\u00ed, sin condiciones de trabajo, sin tener c\u00f3mo preservar la autonom\u00eda de la PF o forzado a concordar con la interferencia pol\u00edtica en la PF&#8221;, explic\u00f3 Moro.<\/p>\n<p>El ahora ex jefe de la PF era uno de los principales colaboradores de Moro desde la \u00e9poca en que el actual ministro estaba al frente de la operaci\u00f3n Lava Jato. Su salida fue publicada en el Diario Oficial a primeras horas del viernes y, seg\u00fan medios brasile\u00f1os, tom\u00f3 por sorpresa a Moro.<\/p>\n<p>La crisis pol\u00edtica provoc\u00f3 preocupaci\u00f3n en los mercados. La Bolsa de Sao Paulo cay\u00f3 8% este iernes tras la conferencia de prensa.<\/p>\n","protected":false},"excerpt":{"rendered":"<p>El ex juez, quien encabez\u00f3 la persecuci\u00f3n judicial a Lula Da Silva, adelant\u00f3 su decisi\u00f3n en conferencia de prensa luego de que el presidente echara al jefe de la Polic\u00eda Federal sin consultarlo &nbsp; &nbsp; El ministro de Justicia y Seguridad P\u00fablica de Brasil, Sergio Moro, un ex juez que encabez\u00f3 la persecuci\u00f3n judicial contra Lula Da Silva, consider\u00f3 p\u00fablicamente que renunciar\u00e1 a su cargo luego de que el presidente Jair Bolsonaro echara al director general de la Polic\u00eda Federal, Maur\u00edcio Valeixo. Moro es el segundo ministro clave que sale&#8230;<\/p>\n","protected":false},"author":3,"featured_media":60662,"comment_status":"closed","ping_status":"closed","sticky":false,"template":"","format":"standard","meta":[],"categories":[4],"tags":[],"_links":{"self":[{"href":"https:\/\/www.actualidadadiario.com\/index.php\/wp-json\/wp\/v2\/posts\/60661"}],"collection":[{"href":"https:\/\/www.actualidadadiario.com\/index.php\/wp-json\/wp\/v2\/posts"}],"about":[{"href":"https:\/\/www.actualidadadiario.com\/index.php\/wp-json\/wp\/v2\/types\/post"}],"author":[{"embeddable":true,"href":"https:\/\/www.actualidadadiario.com\/index.php\/wp-json\/wp\/v2\/users\/3"}],"replies":[{"embeddable":true,"href":"https:\/\/www.actualidadadiario.com\/index.php\/wp-json\/wp\/v2\/comments?post=60661"}],"version-history":[{"count":1,"href":"https:\/\/www.actualidadadiario.com\/index.php\/wp-json\/wp\/v2\/posts\/60661\/revisions"}],"predecessor-version":[{"id":60663,"href":"https:\/\/www.actualidadadiario.com\/index.php\/wp-json\/wp\/v2\/posts\/60661\/revisions\/60663"}],"wp:featuredmedia":[{"embeddable":true,"href":"https:\/\/www.actualidadadiario.com\/index.php\/wp-json\/wp\/v2\/media\/60662"}],"wp:attachment":[{"href":"https:\/\/www.actualidadadiario.com\/index.php\/wp-json\/wp\/v2\/media?parent=60661"}],"wp:term":[{"taxonomy":"category","embeddable":true,"href":"https:\/\/www.actualidadadiario.com\/index.php\/wp-json\/wp\/v2\/categories?post=60661"},{"taxonomy":"post_tag","embeddable":true,"href":"https:\/\/www.actualidadadiario.com\/index.php\/wp-json\/wp\/v2\/tags?post=60661"}],"curies":[{"name":"wp","href":"https:\/\/api.w.org\/{rel}","templated":true}]}}