{"id":60646,"date":"2020-04-24T13:56:04","date_gmt":"2020-04-24T16:56:04","guid":{"rendered":"https:\/\/www.actualidadadiario.com\/?p=60646"},"modified":"2020-04-24T13:56:04","modified_gmt":"2020-04-24T16:56:04","slug":"se-cerro-el-mayor-agujero-de-ozono-jamas-detectado-en-el-artico","status":"publish","type":"post","link":"https:\/\/www.actualidadadiario.com\/index.php\/2020\/04\/24\/se-cerro-el-mayor-agujero-de-ozono-jamas-detectado-en-el-artico\/","title":{"rendered":"Se cerr\u00f3 el mayor agujero de ozono jam\u00e1s detectado en el \u00c1rtico"},"content":{"rendered":"<p style=\"text-align: center;\"><em><strong>En tiempos de coronavirus y cuarentena, y ante la inc\u00f3gnita de la comunidad cient\u00edfica, el agujero de ozono del \u00c1rtico se cerr\u00f3, en un hecho considerado in\u00e9dito por su tama\u00f1o y duraci\u00f3n. De acuerdo al Servicio de Vigilancia de la Atm\u00f3sfera Copernicus \u201cno volver\u00e1, aunque est\u00e1 previsto que el v\u00f3rtice polar vuelva a reforzarse en los pr\u00f3ximos d\u00edas\u201d<\/strong><\/em><\/p>\n<p>&nbsp;<\/p>\n<p>&nbsp;<\/p>\n<p>Ante esto, el cient\u00edfico de Copernicus Antje Inness, a\u00f1adi\u00f3 que \u201cel agujero de la capa de ozono del hemisferio norte en el a\u00f1o 2020 es definitivamente un evento que bate r\u00e9cords\u201d. Pero adem\u00e1s aclara: \u201cEl cierre de este agujero en la capa de ozono sin precedentes no tiene nada que ver con la reducci\u00f3n de contaminaci\u00f3n que ha permitido el confinamiento en gran parte del mundo ante el COVID-19\u201d.<\/p>\n<p>El cierre del agujero en la capa de ozono en el \u00c1rtico \u201cfue posible gracias a la ola de calor que ha vivido la regi\u00f3n esta semana, con temperaturas hasta 20\u00ba C superiores a las normales para esta \u00e9poca del a\u00f1o\u201d. Desde Copernicus ECMWF aclaran que el v\u00f3rtice polar volver\u00e1 a generar pero sin afectar la capa de ozono.<\/p>\n<p>Durante el 2020 y parte de 2019, \u201cel v\u00f3rtice polar tan fuerte y estable ha provocado la concentraci\u00f3n de m\u00e1s qu\u00edmicos destructores de capa de ozono, lo que sumado al fr\u00edo extremo ha creado las condiciones para este agujero in\u00e9dito\u201d, destaca Euronews.<\/p>\n<p>Los cient\u00edficos aseguran que a\u00fan es demasiado pronto para relacionar esto con el cambio clim\u00e1tico a corto, mediano o largo plazo. \u201cNo sabemos por el momento por qu\u00e9 la din\u00e1mica fue tan inusual este invierno. Pero se ha comprobado que el agujero de ozono del Polo Sur favoreci\u00f3 por ejemplo las largas sequ\u00edas en Australia\u201d.<\/p>\n","protected":false},"excerpt":{"rendered":"<p>En tiempos de coronavirus y cuarentena, y ante la inc\u00f3gnita de la comunidad cient\u00edfica, el agujero de ozono del \u00c1rtico se cerr\u00f3, en un hecho considerado in\u00e9dito por su tama\u00f1o y duraci\u00f3n. De acuerdo al Servicio de Vigilancia de la Atm\u00f3sfera Copernicus \u201cno volver\u00e1, aunque est\u00e1 previsto que el v\u00f3rtice polar vuelva a reforzarse en los pr\u00f3ximos d\u00edas\u201d &nbsp; &nbsp; Ante esto, el cient\u00edfico de Copernicus Antje Inness, a\u00f1adi\u00f3 que \u201cel agujero de la capa de ozono del hemisferio norte en el a\u00f1o 2020 es definitivamente un evento que bate&#8230;<\/p>\n","protected":false},"author":3,"featured_media":60647,"comment_status":"closed","ping_status":"closed","sticky":false,"template":"","format":"standard","meta":[],"categories":[4],"tags":[],"_links":{"self":[{"href":"https:\/\/www.actualidadadiario.com\/index.php\/wp-json\/wp\/v2\/posts\/60646"}],"collection":[{"href":"https:\/\/www.actualidadadiario.com\/index.php\/wp-json\/wp\/v2\/posts"}],"about":[{"href":"https:\/\/www.actualidadadiario.com\/index.php\/wp-json\/wp\/v2\/types\/post"}],"author":[{"embeddable":true,"href":"https:\/\/www.actualidadadiario.com\/index.php\/wp-json\/wp\/v2\/users\/3"}],"replies":[{"embeddable":true,"href":"https:\/\/www.actualidadadiario.com\/index.php\/wp-json\/wp\/v2\/comments?post=60646"}],"version-history":[{"count":1,"href":"https:\/\/www.actualidadadiario.com\/index.php\/wp-json\/wp\/v2\/posts\/60646\/revisions"}],"predecessor-version":[{"id":60648,"href":"https:\/\/www.actualidadadiario.com\/index.php\/wp-json\/wp\/v2\/posts\/60646\/revisions\/60648"}],"wp:featuredmedia":[{"embeddable":true,"href":"https:\/\/www.actualidadadiario.com\/index.php\/wp-json\/wp\/v2\/media\/60647"}],"wp:attachment":[{"href":"https:\/\/www.actualidadadiario.com\/index.php\/wp-json\/wp\/v2\/media?parent=60646"}],"wp:term":[{"taxonomy":"category","embeddable":true,"href":"https:\/\/www.actualidadadiario.com\/index.php\/wp-json\/wp\/v2\/categories?post=60646"},{"taxonomy":"post_tag","embeddable":true,"href":"https:\/\/www.actualidadadiario.com\/index.php\/wp-json\/wp\/v2\/tags?post=60646"}],"curies":[{"name":"wp","href":"https:\/\/api.w.org\/{rel}","templated":true}]}}