{"id":60640,"date":"2020-04-24T13:54:37","date_gmt":"2020-04-24T16:54:37","guid":{"rendered":"https:\/\/www.actualidadadiario.com\/?p=60640"},"modified":"2020-04-24T13:54:37","modified_gmt":"2020-04-24T16:54:37","slug":"el-presidente-habla-con-los-gobernadores-el-paso-previo-a-la-extension-de-cuarentena","status":"publish","type":"post","link":"https:\/\/www.actualidadadiario.com\/index.php\/2020\/04\/24\/el-presidente-habla-con-los-gobernadores-el-paso-previo-a-la-extension-de-cuarentena\/","title":{"rendered":"El Presidente habla con los gobernadores, el paso previo a la extensi\u00f3n de cuarentena"},"content":{"rendered":"<p style=\"text-align: center;\"><em><strong>Seg\u00fan informaron fuentes oficiales, la reuni\u00f3n est\u00e1 prevista para las 16, a trav\u00e9s de una teleconferencia desde la residencia de Olivos, y en forma presencial estar\u00e1n el gobernador bonaerense, Axel Kicillof, y posiblemente Rodr\u00edguez Larreta<\/strong><\/em><\/p>\n<p>&nbsp;<\/p>\n<p>&nbsp;<\/p>\n<p>El presidente Alberto Fern\u00e1ndez dialogar\u00e1 hoy -a trav\u00e9s de videoconferencia- con los gobernadores y el jefe de Gobierno porte\u00f1o, Horacio Rodr\u00edguez Larreta, en un paso previo a la determinaci\u00f3n de una nueva fase de la cuarentena &#8220;administrada&#8221; por el coronavirus, que vence el domingo, y que dar\u00eda lugar a una etapa de aislamiento &#8220;focalizado&#8221; con la liberaci\u00f3n de algunas actividades productivas en determinadas provincias.<\/p>\n<p>Seg\u00fan informaron fuentes oficiales, la reuni\u00f3n est\u00e1 prevista para las 16, a trav\u00e9s de una teleconferencia desde la residencia de Olivos, y en forma presencial estar\u00e1n el gobernador bonaerense, Axel Kicillof, y posiblemente Rodr\u00edguez Larreta.<\/p>\n<p>De hecho, la cuarentena &#8220;focalizada&#8221; se inici\u00f3 hoy con la publicaci\u00f3n en el Bolet\u00edn Oficial de varias resoluciones que oficializan una serie de reanudaciones de actividades, como las obras de construcci\u00f3n en el \u00e1mbito privado y la de las &#8220;profesiones liberales&#8221; en algunas provincias, en el marco del aislamiento social, preventivo y obligatorio dispuesto por el coronavirus.<\/p>\n<p>Las disposiciones, firmadas por el jefe de Gabinete, Santiago Cafiero, y el ministro de Salud, Gines Gonz\u00e1lez Garc\u00eda, se conocen en el marco de la denominada cuarentena &#8220;administrada&#8221;, a trav\u00e9s de la cual el gobierno nacional viene autorizando la reanudaci\u00f3n de ciertas actividades y servicios en los distritos que presentan baja circulaci\u00f3n del virus, previa verificaci\u00f3n por parte de las autoridades de salud y con el estricto cumplimiento de protocolos<\/p>\n<p>Por su parte, el jefe de Gobierno porte\u00f1o no plante\u00f3 a\u00fan modificaciones al aislamiento, iniciado el 20 de marzo pasado, y, en el caso de Kicillof, s\u00f3lo analiza levantar algunas actividades en poblaciones rurales del interior de la provincia de Buenos Aires, pero seguir\u00e1 siendo estricto en el conurbano bonaerense.<\/p>\n","protected":false},"excerpt":{"rendered":"<p>Seg\u00fan informaron fuentes oficiales, la reuni\u00f3n est\u00e1 prevista para las 16, a trav\u00e9s de una teleconferencia desde la residencia de Olivos, y en forma presencial estar\u00e1n el gobernador bonaerense, Axel Kicillof, y posiblemente Rodr\u00edguez Larreta &nbsp; &nbsp; El presidente Alberto Fern\u00e1ndez dialogar\u00e1 hoy -a trav\u00e9s de videoconferencia- con los gobernadores y el jefe de Gobierno porte\u00f1o, Horacio Rodr\u00edguez Larreta, en un paso previo a la determinaci\u00f3n de una nueva fase de la cuarentena &#8220;administrada&#8221; por el coronavirus, que vence el domingo, y que dar\u00eda lugar a una etapa de aislamiento&#8230;<\/p>\n","protected":false},"author":3,"featured_media":60641,"comment_status":"closed","ping_status":"closed","sticky":false,"template":"","format":"standard","meta":[],"categories":[18],"tags":[],"_links":{"self":[{"href":"https:\/\/www.actualidadadiario.com\/index.php\/wp-json\/wp\/v2\/posts\/60640"}],"collection":[{"href":"https:\/\/www.actualidadadiario.com\/index.php\/wp-json\/wp\/v2\/posts"}],"about":[{"href":"https:\/\/www.actualidadadiario.com\/index.php\/wp-json\/wp\/v2\/types\/post"}],"author":[{"embeddable":true,"href":"https:\/\/www.actualidadadiario.com\/index.php\/wp-json\/wp\/v2\/users\/3"}],"replies":[{"embeddable":true,"href":"https:\/\/www.actualidadadiario.com\/index.php\/wp-json\/wp\/v2\/comments?post=60640"}],"version-history":[{"count":1,"href":"https:\/\/www.actualidadadiario.com\/index.php\/wp-json\/wp\/v2\/posts\/60640\/revisions"}],"predecessor-version":[{"id":60642,"href":"https:\/\/www.actualidadadiario.com\/index.php\/wp-json\/wp\/v2\/posts\/60640\/revisions\/60642"}],"wp:featuredmedia":[{"embeddable":true,"href":"https:\/\/www.actualidadadiario.com\/index.php\/wp-json\/wp\/v2\/media\/60641"}],"wp:attachment":[{"href":"https:\/\/www.actualidadadiario.com\/index.php\/wp-json\/wp\/v2\/media?parent=60640"}],"wp:term":[{"taxonomy":"category","embeddable":true,"href":"https:\/\/www.actualidadadiario.com\/index.php\/wp-json\/wp\/v2\/categories?post=60640"},{"taxonomy":"post_tag","embeddable":true,"href":"https:\/\/www.actualidadadiario.com\/index.php\/wp-json\/wp\/v2\/tags?post=60640"}],"curies":[{"name":"wp","href":"https:\/\/api.w.org\/{rel}","templated":true}]}}