{"id":60637,"date":"2020-04-24T13:53:49","date_gmt":"2020-04-24T16:53:49","guid":{"rendered":"https:\/\/www.actualidadadiario.com\/?p=60637"},"modified":"2020-04-24T13:53:49","modified_gmt":"2020-04-24T16:53:49","slug":"arroyo-advirtio-que-la-situacion-social-es-realmente-critica-y-genera-tension-y-dificultad","status":"publish","type":"post","link":"https:\/\/www.actualidadadiario.com\/index.php\/2020\/04\/24\/arroyo-advirtio-que-la-situacion-social-es-realmente-critica-y-genera-tension-y-dificultad\/","title":{"rendered":"Arroyo advirti\u00f3 que la situaci\u00f3n social &#8220;es realmente cr\u00edtica&#8221; y genera &#8220;tensi\u00f3n y dificultad&#8221;"},"content":{"rendered":"<p style=\"text-align: center;\"><em><strong>El exdiputado nacional afirm\u00f3 que &#8220;la reconstrucci\u00f3n de Argentina viene de abajo hacia arriba&#8221; y se refiri\u00f3 a la frustrada compra de alimentos con precios mayores a los fijados<\/strong><\/em><\/p>\n<p>&nbsp;<\/p>\n<p>&nbsp;<\/p>\n<p>El ministro de Desarrollo Social, Daniel Arroyo, ratific\u00f3 hoy que &#8220;la situaci\u00f3n social es realmente cr\u00edtica&#8221; y genera &#8220;tensi\u00f3n y dificultad&#8221; en los grandes centros urbanos, a la vez que destac\u00f3 que el Gobierno puede &#8220;contener&#8221; este contexto gracias a la &#8220;gran red social&#8221; que integran organizaciones sociales, iglesias y escuelas.<\/p>\n<p>&#8220;La situaci\u00f3n social es realmente cr\u00edtica, antes del inicio de la pandemia ten\u00edamos 8 millones de personas que requieren asistencia alimentaria y en 15 d\u00edas pasamos a 11 millones. Todo eso genera tensi\u00f3n y dificultad&#8221;, sostuvo el funcionario nacional.<\/p>\n<p>En di\u00e1logo con Radio Continental, el integrante del Gabinete puso de relieve que &#8220;en la Argentina hay una gran red social&#8221;.<\/p>\n<p>&#8220;Hay una historia de profec\u00edas de explosi\u00f3n del conurbano que no se han cumplido y no es porque no haya problemas, sino por la gran red social de organizaciones sociales, iglesias y escuelas que hay para contener una situaci\u00f3n cr\u00edtica&#8221;, remarc\u00f3.<\/p>\n","protected":false},"excerpt":{"rendered":"<p>El exdiputado nacional afirm\u00f3 que &#8220;la reconstrucci\u00f3n de Argentina viene de abajo hacia arriba&#8221; y se refiri\u00f3 a la frustrada compra de alimentos con precios mayores a los fijados &nbsp; &nbsp; El ministro de Desarrollo Social, Daniel Arroyo, ratific\u00f3 hoy que &#8220;la situaci\u00f3n social es realmente cr\u00edtica&#8221; y genera &#8220;tensi\u00f3n y dificultad&#8221; en los grandes centros urbanos, a la vez que destac\u00f3 que el Gobierno puede &#8220;contener&#8221; este contexto gracias a la &#8220;gran red social&#8221; que integran organizaciones sociales, iglesias y escuelas. &#8220;La situaci\u00f3n social es realmente cr\u00edtica, antes del&#8230;<\/p>\n","protected":false},"author":3,"featured_media":60638,"comment_status":"closed","ping_status":"closed","sticky":false,"template":"","format":"standard","meta":[],"categories":[18],"tags":[],"_links":{"self":[{"href":"https:\/\/www.actualidadadiario.com\/index.php\/wp-json\/wp\/v2\/posts\/60637"}],"collection":[{"href":"https:\/\/www.actualidadadiario.com\/index.php\/wp-json\/wp\/v2\/posts"}],"about":[{"href":"https:\/\/www.actualidadadiario.com\/index.php\/wp-json\/wp\/v2\/types\/post"}],"author":[{"embeddable":true,"href":"https:\/\/www.actualidadadiario.com\/index.php\/wp-json\/wp\/v2\/users\/3"}],"replies":[{"embeddable":true,"href":"https:\/\/www.actualidadadiario.com\/index.php\/wp-json\/wp\/v2\/comments?post=60637"}],"version-history":[{"count":1,"href":"https:\/\/www.actualidadadiario.com\/index.php\/wp-json\/wp\/v2\/posts\/60637\/revisions"}],"predecessor-version":[{"id":60639,"href":"https:\/\/www.actualidadadiario.com\/index.php\/wp-json\/wp\/v2\/posts\/60637\/revisions\/60639"}],"wp:featuredmedia":[{"embeddable":true,"href":"https:\/\/www.actualidadadiario.com\/index.php\/wp-json\/wp\/v2\/media\/60638"}],"wp:attachment":[{"href":"https:\/\/www.actualidadadiario.com\/index.php\/wp-json\/wp\/v2\/media?parent=60637"}],"wp:term":[{"taxonomy":"category","embeddable":true,"href":"https:\/\/www.actualidadadiario.com\/index.php\/wp-json\/wp\/v2\/categories?post=60637"},{"taxonomy":"post_tag","embeddable":true,"href":"https:\/\/www.actualidadadiario.com\/index.php\/wp-json\/wp\/v2\/tags?post=60637"}],"curies":[{"name":"wp","href":"https:\/\/api.w.org\/{rel}","templated":true}]}}