{"id":60635,"date":"2020-04-24T13:53:07","date_gmt":"2020-04-24T16:53:07","guid":{"rendered":"https:\/\/www.actualidadadiario.com\/?p=60635"},"modified":"2020-04-24T13:53:07","modified_gmt":"2020-04-24T16:53:07","slug":"massa-acerca-posturas-y-el-lunes-habra-labor-parlamentaria-en-diputados","status":"publish","type":"post","link":"https:\/\/www.actualidadadiario.com\/index.php\/2020\/04\/24\/massa-acerca-posturas-y-el-lunes-habra-labor-parlamentaria-en-diputados\/","title":{"rendered":"Massa acerca posturas y el lunes habr\u00e1 labor parlamentaria en Diputados"},"content":{"rendered":"<p style=\"text-align: center;\"><em><strong>Buscan consensuar una agenda de temas con todos los bloques. Juntos por el Cambio no est\u00e1 de acuerdo con todos los puntos propuestos, a lo que una diputada oficialista asegura que le est\u00e1n &#8220;cercenando&#8221; su &#8220;derecho a sesionar&#8221;<\/strong><\/em><\/p>\n<p>&nbsp;<\/p>\n<p>&nbsp;<\/p>\n<p>&nbsp;<\/p>\n<p>Ante cierta resistencia de un sector de la oposici\u00f3n para sesionar de manera virtual, el presidente de la C\u00e1mara de Diputados, Sergio Massa, convoc\u00f3 a una reuni\u00f3n de Labor Parlamentaria para el lunes pr\u00f3ximo en la sede del Palacio Legislativo para acordar con los jefes de todos los bloques una agenda de temas y definir qu\u00e9 modalidad de sesi\u00f3n adoptar\u00e1n durante el aislamiento social preventivo y obligatorio.<\/p>\n<p>La propuesta de Massa para realizar sesiones remotas fue recibida bien por el interbloque Federal y otras bancadas opositoras, a diferencia de Juntos por el Cambio, que cuestiona algunos puntos del borrador de la resoluci\u00f3n que propone esa forma de debatir los proyectos de ley y advierte que al menos es necesario hacer una sesi\u00f3n presencial para modificar el reglamento del cuerpo. En medio de esa tirantez, el titular de la C\u00e1mara baja resolvi\u00f3 abordar esa cuesti\u00f3n en una reuni\u00f3n de Labor Parlamentaria, que fue fijada para el lunes a las 18 en el Sal\u00f3n de Honor.<\/p>\n<p>Si bien en ese encuentro la idea es consensuar un listado de temas a tratar, los jefes parlamentarios buscar\u00e1n acortar las diferencias que hay sobre la viabilidad o no de hacer sesiones virtuales en las pr\u00f3ximas semanas en el contexto de la pandemia por COVID-19. Aun cuando en Juntos por el Cambio insisten con su postura, desde ese espacio plantearon que el principal objetivo es que el &#8221; Congreso comience a sesionar&#8221;, algo con lo que coinciden en el oficialismo. Incluso, el propio Massa dej\u00f3 abierta la posibilidad de sesionar de manera presencial, aunque su apuesta central es replicar en las sesiones la modalidad de trabajo que se viene teniendo en Diputados con las reuniones informativas en las comisiones a trav\u00e9s de videoconferencia.<\/p>\n<p>&#8220;Cuando la C\u00e1mara de Diputados tenga garantizado el sistema virtual podremos sesionar de esa forma. El cambio de reglamento tal vez haya que hacerlo presencial. Ac\u00e1 no hay un Boca- River. Tenemos que sesionar de la manera que m\u00e1s r\u00e1pido y mejor podamos, ya sea virtual o presencial tomando todas las medidas&#8221;, dijo el titular del bloque de PRO, Cristian Ritondo.<\/p>\n<p>Mientras tanto, la diputada nacional del Frente de Todos Mabel Caparros cuestion\u00f3 el reclamo de Juntos por el Cambio para que la C\u00e1mara Baja sesione de manera presencial y anticip\u00f3 que presentar\u00e1 un recurso de amparo contra ese pedido ante la imposibilidad de trasladarse a la Ciudad de Buenos Aires. &#8220;Se est\u00e1 cercenando mi derecho a sesionar como diputada de la Naci\u00f3n&#8221;, argument\u00f3 la legisladora al exponer la fundamentaci\u00f3n de la acci\u00f3n judicial que enfrentar\u00eda concretamente la convocatoria a una sesi\u00f3n presencial del cuerpo.<\/p>\n","protected":false},"excerpt":{"rendered":"<p>Buscan consensuar una agenda de temas con todos los bloques. Juntos por el Cambio no est\u00e1 de acuerdo con todos los puntos propuestos, a lo que una diputada oficialista asegura que le est\u00e1n &#8220;cercenando&#8221; su &#8220;derecho a sesionar&#8221; &nbsp; &nbsp; &nbsp; Ante cierta resistencia de un sector de la oposici\u00f3n para sesionar de manera virtual, el presidente de la C\u00e1mara de Diputados, Sergio Massa, convoc\u00f3 a una reuni\u00f3n de Labor Parlamentaria para el lunes pr\u00f3ximo en la sede del Palacio Legislativo para acordar con los jefes de todos los bloques&#8230;<\/p>\n","protected":false},"author":3,"featured_media":60556,"comment_status":"closed","ping_status":"closed","sticky":false,"template":"","format":"standard","meta":[],"categories":[18],"tags":[],"_links":{"self":[{"href":"https:\/\/www.actualidadadiario.com\/index.php\/wp-json\/wp\/v2\/posts\/60635"}],"collection":[{"href":"https:\/\/www.actualidadadiario.com\/index.php\/wp-json\/wp\/v2\/posts"}],"about":[{"href":"https:\/\/www.actualidadadiario.com\/index.php\/wp-json\/wp\/v2\/types\/post"}],"author":[{"embeddable":true,"href":"https:\/\/www.actualidadadiario.com\/index.php\/wp-json\/wp\/v2\/users\/3"}],"replies":[{"embeddable":true,"href":"https:\/\/www.actualidadadiario.com\/index.php\/wp-json\/wp\/v2\/comments?post=60635"}],"version-history":[{"count":1,"href":"https:\/\/www.actualidadadiario.com\/index.php\/wp-json\/wp\/v2\/posts\/60635\/revisions"}],"predecessor-version":[{"id":60636,"href":"https:\/\/www.actualidadadiario.com\/index.php\/wp-json\/wp\/v2\/posts\/60635\/revisions\/60636"}],"wp:featuredmedia":[{"embeddable":true,"href":"https:\/\/www.actualidadadiario.com\/index.php\/wp-json\/wp\/v2\/media\/60556"}],"wp:attachment":[{"href":"https:\/\/www.actualidadadiario.com\/index.php\/wp-json\/wp\/v2\/media?parent=60635"}],"wp:term":[{"taxonomy":"category","embeddable":true,"href":"https:\/\/www.actualidadadiario.com\/index.php\/wp-json\/wp\/v2\/categories?post=60635"},{"taxonomy":"post_tag","embeddable":true,"href":"https:\/\/www.actualidadadiario.com\/index.php\/wp-json\/wp\/v2\/tags?post=60635"}],"curies":[{"name":"wp","href":"https:\/\/api.w.org\/{rel}","templated":true}]}}