{"id":60632,"date":"2020-04-24T13:52:27","date_gmt":"2020-04-24T16:52:27","guid":{"rendered":"https:\/\/www.actualidadadiario.com\/?p=60632"},"modified":"2020-04-24T13:52:27","modified_gmt":"2020-04-24T16:52:27","slug":"las-organizaciones-sociales-apoyaron-las-medidas-del-gobierno-y-pidieron-mas-alimentos","status":"publish","type":"post","link":"https:\/\/www.actualidadadiario.com\/index.php\/2020\/04\/24\/las-organizaciones-sociales-apoyaron-las-medidas-del-gobierno-y-pidieron-mas-alimentos\/","title":{"rendered":"Las organizaciones sociales apoyaron las medidas del Gobierno y pidieron m\u00e1s alimentos"},"content":{"rendered":"<p style=\"text-align: center;\"><em><strong>&#8220;Tenemos la oportunidad de hacer un sistema m\u00e1s justo y ustedes son actores centrales porque tienen respeto en sus comunidades&#8221;, les dijo el Presidente a los dirigentes sociales<\/strong><\/em><\/p>\n<p>&nbsp;<\/p>\n<p>&nbsp;<\/p>\n<p>\u201cUstedes son actores centrales porque tienen el respeto de sus comunidades. Son la pieza central del presente y del futuro\u201d, dijo el presidente Alberto Fern\u00e1ndez ante referentes de organizaciones sociales, con quienes se reuni\u00f3 en la Quinta de Olivos. El mandatario, junto con el ministro de Desarrollo Social, Daniel Arroyo, y el jefe de Gabinete, Santiago Cafiero, recibieron las propuestas y los reclamos que llevaron quienes tienen presencia constante en los barrios populares de todo el pa\u00eds. Las organizaciones manifestaron su apoyo a las medidas que est\u00e1 tomando el Gobierno frente a la pandemia, y sus exigencias estuvieron centradas en la necesidad de recibir m\u00e1s alimentos, ya que en varias provincias la provisi\u00f3n se vio afectada, en parte, por las trabas burocr\u00e1ticas surgidas luego del problema con los sobreprecios que tuvo el Ministerio de Desarrollo Social. Tambi\u00e9n remarcaron la importancia de que exista una salida de la crisis con m\u00e1s trabajo y m\u00e1s pol\u00edticas p\u00fablicas para los barrios populares, y propusieron la creaci\u00f3n de un fondo para la econom\u00eda popular.<\/p>\n<p>El ministro Arroyo fue el encargado de abrir la reuni\u00f3n y propuso hacer un balance sobre la situaci\u00f3n de los barrios luego de varios d\u00edas de cuarentena. Aclar\u00f3 que el pasado mi\u00e9rcoles siguieron con la entrega de las compras anteriores a la operaci\u00f3n conflictiva por los sobreprecios, y anunci\u00f3 que este viernes comenzar\u00e1n una compra nueva para reemplazarla.<\/p>\n<p>&#8220;Nadie se salva solo y no me voy a olvidar de ninguna persona en ning\u00fan barrio necesitado de la Argentina\u201d, dijo el Presidente. &#8220;Tenemos la oportunidad de hacer un sistema m\u00e1s justo y ustedes son actores centrales porque tienen respeto en sus comunidades\u201d, agreg\u00f3.<\/p>\n<p>Dina S\u00e1nchez, referente del Frente Popular Dar\u00edo Santill\u00e1n, indic\u00f3 que \u201cel Presidente tom\u00f3 nota de todos los reclamos de nuestro sector, y tambi\u00e9n valoramos el reconocimiento que hizo, ahora y desde el comienzo de su gesti\u00f3n, a toda la labor que realizamos las organizaciones sociales en los barrios\u201d. Luego agreg\u00f3 que \u201cnos pusimos a disposici\u00f3n y tambi\u00e9n reclamamos que los alimentos en algunas provincias no est\u00e1n llegando. Eso es algo que hay que resolver de forma urgente\u201d.<\/p>\n<p>La representante del Frente Popular Dar\u00edo Santill\u00e1n destac\u00f3 algunas de las medidas que tom\u00f3 el Poder Ejecutivo: &#8220;Est\u00e1 muy bien el esfuerzo que el Gobierno est\u00e1 haciendo con el Ingreso Familiar de Emergencia, la Tarjeta Alimentaria y otras medidas, que por supuesto ayudan, pero tambi\u00e9n es cierto que muchas de esas pol\u00edticas no llegan a todos\u201d. Uno de esos casos, explic\u00f3 S\u00e1nchez, es \u201cel de muchos migrantes que no han podido acceder y que lo necesitan\u201d. Adem\u00e1s remarc\u00f3 la importancia de que se tomen m\u00e1s medidas y se ejecute m\u00e1s presupuesto para combatir la violencia de g\u00e9nero en los barrios, que durante estas semanas estuvo en aumento. &#8220;Hay una necesidad urgente que es el alimento, tambi\u00e9n la violencia de g\u00e9nero y la salud. Tenemos un comit\u00e9 barrial en el que estamos aportando las distintas organizaciones y los curas villeros. Estamos sacando protocolos porque no es lo mismo la cuarentena o tener covid en un barrio privado que en uno popular. Sin embargo, hay que poner presupuesto porque solo con nuestras redes no basta&#8221;, afirm\u00f3.<\/p>\n<p>Gildo Onorato, referente de Movimiento Evita, expres\u00f3 que \u201cfue una reuni\u00f3n donde se pudo hablar con mucha sinceridad abordando los problemas concretos que est\u00e1n sufriendo los m\u00e1s humildes, alimentarios, sanitarios, las dificultades que se han generado por el crecimiento de todas las desigualdades&#8221;. Adem\u00e1s se\u00f1al\u00f3 que &#8220;algo que nos preocupa a muchos de los que estuvimos en esa reuni\u00f3n es c\u00f3mo podemos reactivar la econom\u00eda popular, barrial y comunitaria, que es la forma de supervivencia y subsistencia que tienen los m\u00e1s humildes\u201d. En ese sentido, a\u00f1adi\u00f3 que \u201chubo por parte del Gobierno un compromiso para que en las pr\u00f3ximas semanas se normalice la asistencia de alimentos y esperamos que eso se concrete porque es algo muy importante para las familias\u201d.<\/p>\n<p>Entre los representantes de los movimientos sociales presentes en el encuentro estuvieron el diputado Jaki Flores (MTE), Juan Carlos Alderete (CCC), Gildo Onorato (Movimiento Evita), Dina S\u00e1nchez (Frente Popular Dar\u00edo Santill\u00e1n), Juan Grabois (MTE), Gringo Castro (CTEP), Rafael Krejzler (MPD La Dignidad) y Daniel Men\u00e9ndez (Somos-Barrios de Pie), entre otros. Por el lado de los funcionarios estuvieron el secretario general de Presidencia, Julio Vitobello; el secretario de Asuntos Estrat\u00e9gicos, Gustavo B\u00e9liz; el secretario de Relaciones Pol\u00edticas y Parlamentarias, Fernando Navarro; y el secretario de Econom\u00eda Social, Emilio P\u00e9rsico.<\/p>\n","protected":false},"excerpt":{"rendered":"<p>&#8220;Tenemos la oportunidad de hacer un sistema m\u00e1s justo y ustedes son actores centrales porque tienen respeto en sus comunidades&#8221;, les dijo el Presidente a los dirigentes sociales &nbsp; &nbsp; \u201cUstedes son actores centrales porque tienen el respeto de sus comunidades. Son la pieza central del presente y del futuro\u201d, dijo el presidente Alberto Fern\u00e1ndez ante referentes de organizaciones sociales, con quienes se reuni\u00f3 en la Quinta de Olivos. El mandatario, junto con el ministro de Desarrollo Social, Daniel Arroyo, y el jefe de Gabinete, Santiago Cafiero, recibieron las propuestas&#8230;<\/p>\n","protected":false},"author":3,"featured_media":60633,"comment_status":"closed","ping_status":"closed","sticky":false,"template":"","format":"standard","meta":[],"categories":[18],"tags":[],"_links":{"self":[{"href":"https:\/\/www.actualidadadiario.com\/index.php\/wp-json\/wp\/v2\/posts\/60632"}],"collection":[{"href":"https:\/\/www.actualidadadiario.com\/index.php\/wp-json\/wp\/v2\/posts"}],"about":[{"href":"https:\/\/www.actualidadadiario.com\/index.php\/wp-json\/wp\/v2\/types\/post"}],"author":[{"embeddable":true,"href":"https:\/\/www.actualidadadiario.com\/index.php\/wp-json\/wp\/v2\/users\/3"}],"replies":[{"embeddable":true,"href":"https:\/\/www.actualidadadiario.com\/index.php\/wp-json\/wp\/v2\/comments?post=60632"}],"version-history":[{"count":1,"href":"https:\/\/www.actualidadadiario.com\/index.php\/wp-json\/wp\/v2\/posts\/60632\/revisions"}],"predecessor-version":[{"id":60634,"href":"https:\/\/www.actualidadadiario.com\/index.php\/wp-json\/wp\/v2\/posts\/60632\/revisions\/60634"}],"wp:featuredmedia":[{"embeddable":true,"href":"https:\/\/www.actualidadadiario.com\/index.php\/wp-json\/wp\/v2\/media\/60633"}],"wp:attachment":[{"href":"https:\/\/www.actualidadadiario.com\/index.php\/wp-json\/wp\/v2\/media?parent=60632"}],"wp:term":[{"taxonomy":"category","embeddable":true,"href":"https:\/\/www.actualidadadiario.com\/index.php\/wp-json\/wp\/v2\/categories?post=60632"},{"taxonomy":"post_tag","embeddable":true,"href":"https:\/\/www.actualidadadiario.com\/index.php\/wp-json\/wp\/v2\/tags?post=60632"}],"curies":[{"name":"wp","href":"https:\/\/api.w.org\/{rel}","templated":true}]}}