{"id":60629,"date":"2020-04-24T13:51:47","date_gmt":"2020-04-24T16:51:47","guid":{"rendered":"https:\/\/www.actualidadadiario.com\/?p=60629"},"modified":"2020-04-24T13:51:47","modified_gmt":"2020-04-24T16:51:47","slug":"macri-y-roemmers-advierten-que-por-el-coronavirus-avanza-el-populismo","status":"publish","type":"post","link":"https:\/\/www.actualidadadiario.com\/index.php\/2020\/04\/24\/macri-y-roemmers-advierten-que-por-el-coronavirus-avanza-el-populismo\/","title":{"rendered":"Macri y Roemmers advierten que por el coronavirus avanza el populismo"},"content":{"rendered":"<p style=\"text-align: center;\"><em><strong>Junto a Loperfido, Vargas Llosa y ex presidentes de Espa\u00f1a y Latinoam\u00e9rica denunciaron un avance autoritario y cuestionaron la cuarentena<\/strong><\/em><\/p>\n<p>&nbsp;<\/p>\n<p>&nbsp;<\/p>\n<p>Mauricio Macri y el exc\u00e9ntrico empresario farmac\u00e9utico Alejandro Roemmers son dos de las firmas que sobresalen en un &#8220;manifiesto&#8221; de dirigentes de la derecha espa\u00f1ola y latinoamericana que denuncian un &#8220;avance&#8221; del populismo por la pandemia del coronavirus y cuestionan el confinamiento obligatorio.<\/p>\n<p>Encabezados por el escritor Mario Vargas Llosa, como presidente de la Fundaci\u00f3n Internacional para la Libertad, un grupo de pol\u00edticos y empresarios difundi\u00f3 un documento titulado &#8220;Que la pandemia no sea un pretexto para el autoritarismo&#8221;, dedicado a cuestionar a los gobiernos de izquierda o centro izquierda.<\/p>\n<p>&#8220;Muchos gobiernos toman medidas que restringen indefinidamente libertades y derechos b\u00e1sicos&#8221;, dice la nota. &#8220;En lugar de algunas entendibles restricciones a la libertad, en varios pa\u00edses impera un confinamiento con m\u00ednimas excepciones, la imposibilidad de trabajar y producir, y la manipulaci\u00f3n informativa&#8221;, agrega apuntando a la cuarentena obligatoria aplicada en muchos pa\u00edses, algunos gobernados por el mismo signo pol\u00edtico que los firmantes como en Colombia, Per\u00fa o Uruguay.<\/p>\n<p>&#8220;En Espa\u00f1a y la Argentina dirigentes con un marcado sesgo ideol\u00f3gico pretenden utilizar las duras circunstancias para acaparar prerrogativas pol\u00edticas y econ\u00f3micas que en otro contexto la ciudadan\u00eda rechazar\u00eda resueltamente&#8221;, contin\u00faa el manifiesto.<\/p>\n<p>&#8220;En M\u00e9xico arrecia la presi\u00f3n contra la empresa privada y se utiliza el Grupo de Puebla para atacar a los gobiernos de signo distinto. A ambos lados del Atl\u00e1ntico resurgen el estatismo, el intervencionismo y el populismo con un \u00edmpetu que hace pensar en un cambio de modelo alejado de la democracia liberal y la econom\u00eda de mercado&#8221;, agrega.<\/p>\n<p>Llama la atenci\u00f3n que los intelectuales y dirigentes derechistas no hicieron ninguna referencia a un episodio muy grave para la democracia como fue el llamado de Jair Bolsonaro a una intervenci\u00f3n militar del Congreso y el Poder Judicial en Brasil. No fue considerado por ellos un episodio autoritario.<\/p>\n<p>Entre los firmantes del comunicado hay figuras importantes como los ex presidentes Jos\u00e9 Mar\u00eda Aznar (Espa\u00f1a), Ernesto Zedillo (M\u00e9xico), \u00c1lvaro Uribe (Colombia), Luis Alberto Lacalle (Uruguay), Julio Mar\u00eda Sanguinetti (Uruguay), entre otros. Tambi\u00e9n hay escritores como Fernando Savater y Jorge Edwards.<\/p>\n<p>Adem\u00e1s de Macri, entre las firmas argentinas llam\u00f3 la atenci\u00f3n la presencia del exc\u00e9ntrico empresario Alejandro Roemmers, recientemente sospechado de estar detr\u00e1s del mega negocio de los test del coronavirus.<\/p>\n<p>Otras &#8220;figuras&#8221; locales que sorprenden en la lista de firmantes son Patricia Bullrich, el economista Roberto Cachanosky, el ex ministro Ricardo L\u00f3pez Murphy, y el ex funcionario macrista y de la Alianza Dar\u00edo Lop\u00e9rfido.<\/p>\n<p>&#8220;Esta crisis no debe ser enfrentada sacrificando los derechos y libertades que ha costado mucho conseguir.<\/p>\n<p>Rechazamos el falso dilema de que estas circunstancias obligan a elegir entre el autoritarismo y la inseguridad, entre el Ogro Filantr\u00f3pico y la muerte&#8221;, finaliza el manifiesto.<\/p>\n","protected":false},"excerpt":{"rendered":"<p>Junto a Loperfido, Vargas Llosa y ex presidentes de Espa\u00f1a y Latinoam\u00e9rica denunciaron un avance autoritario y cuestionaron la cuarentena &nbsp; &nbsp; Mauricio Macri y el exc\u00e9ntrico empresario farmac\u00e9utico Alejandro Roemmers son dos de las firmas que sobresalen en un &#8220;manifiesto&#8221; de dirigentes de la derecha espa\u00f1ola y latinoamericana que denuncian un &#8220;avance&#8221; del populismo por la pandemia del coronavirus y cuestionan el confinamiento obligatorio. Encabezados por el escritor Mario Vargas Llosa, como presidente de la Fundaci\u00f3n Internacional para la Libertad, un grupo de pol\u00edticos y empresarios difundi\u00f3 un documento&#8230;<\/p>\n","protected":false},"author":3,"featured_media":60630,"comment_status":"closed","ping_status":"closed","sticky":false,"template":"","format":"standard","meta":[],"categories":[18],"tags":[],"_links":{"self":[{"href":"https:\/\/www.actualidadadiario.com\/index.php\/wp-json\/wp\/v2\/posts\/60629"}],"collection":[{"href":"https:\/\/www.actualidadadiario.com\/index.php\/wp-json\/wp\/v2\/posts"}],"about":[{"href":"https:\/\/www.actualidadadiario.com\/index.php\/wp-json\/wp\/v2\/types\/post"}],"author":[{"embeddable":true,"href":"https:\/\/www.actualidadadiario.com\/index.php\/wp-json\/wp\/v2\/users\/3"}],"replies":[{"embeddable":true,"href":"https:\/\/www.actualidadadiario.com\/index.php\/wp-json\/wp\/v2\/comments?post=60629"}],"version-history":[{"count":1,"href":"https:\/\/www.actualidadadiario.com\/index.php\/wp-json\/wp\/v2\/posts\/60629\/revisions"}],"predecessor-version":[{"id":60631,"href":"https:\/\/www.actualidadadiario.com\/index.php\/wp-json\/wp\/v2\/posts\/60629\/revisions\/60631"}],"wp:featuredmedia":[{"embeddable":true,"href":"https:\/\/www.actualidadadiario.com\/index.php\/wp-json\/wp\/v2\/media\/60630"}],"wp:attachment":[{"href":"https:\/\/www.actualidadadiario.com\/index.php\/wp-json\/wp\/v2\/media?parent=60629"}],"wp:term":[{"taxonomy":"category","embeddable":true,"href":"https:\/\/www.actualidadadiario.com\/index.php\/wp-json\/wp\/v2\/categories?post=60629"},{"taxonomy":"post_tag","embeddable":true,"href":"https:\/\/www.actualidadadiario.com\/index.php\/wp-json\/wp\/v2\/tags?post=60629"}],"curies":[{"name":"wp","href":"https:\/\/api.w.org\/{rel}","templated":true}]}}