{"id":60627,"date":"2020-04-24T13:50:34","date_gmt":"2020-04-24T16:50:34","guid":{"rendered":"https:\/\/www.actualidadadiario.com\/?p=60627"},"modified":"2020-04-24T13:50:34","modified_gmt":"2020-04-24T16:50:34","slug":"alberto-anunciara-este-viernes-la-extension-de-la-cuarentena","status":"publish","type":"post","link":"https:\/\/www.actualidadadiario.com\/index.php\/2020\/04\/24\/alberto-anunciara-este-viernes-la-extension-de-la-cuarentena\/","title":{"rendered":"Alberto anunciar\u00e1 este viernes la extensi\u00f3n de la cuarentena"},"content":{"rendered":"<p style=\"text-align: center;\"><em><strong>Habr\u00e1 nuevas excepciones a actividades regionales del interior del pa\u00eds. No quieren &#8220;regalar el esfuerzo econ\u00f3mico y social que se hizo hasta ahora&#8221;<\/strong><\/em><\/p>\n<p>&nbsp;<\/p>\n<p>&nbsp;<\/p>\n<p>&nbsp;<\/p>\n<p>El presidente Alberto Fern\u00e1ndez anunciar\u00e1 en la noche de este viernes desde la residencia de Olivos la ampliaci\u00f3n de la cuarentena &#8220;focalizada&#8221; hasta el domingo 10 de mayo inclusive, la cual incluir\u00eda nuevas excepciones en el interior del pa\u00eds.<\/p>\n<p>&#8220;El presidente sigue escuchando los pedidos&#8221; de los mandatarios provinciales &#8220;por lo que se podr\u00edan exceptuar nuevas actividades regionales&#8221;, anticip\u00f3 un vocero del Gobierno, quien agreg\u00f3 que durante el anuncio Fern\u00e1ndez comunicar\u00e1 que &#8220;lo mejor es extender la cuarentena hasta el 10 de mayo&#8221;.<\/p>\n<p>El jefe de Estado seguir\u00e1 en una postura dura respecto del control del aislamiento porque no est\u00e1 dispuesto &#8220;a regalar el esfuerzo econ\u00f3mico y social que se hizo hasta ahora con la cuarentena. Se va a abrir el territorio, por lo cual la responsabilidad sanitaria ser\u00e1 compartida&#8221;, expres\u00f3 el vocero.<\/p>\n<p>Durante la jornada de ayer, Fern\u00e1ndez se reuni\u00f3 con el comit\u00e9 de expertos que lo asesora, integrado por el director cient\u00edfico de la Fundaci\u00f3n Hu\u00e9sped, Pedro Cahn; el titular de la Sociedad Argentina de Infectolog\u00eda, Omar Sued; el presidente de la Sociedad Argentina de Emergencias, Gonzalo Camargo, y los especialistas \u00c1ngela Spagnuolo, Gustavo Lopardo, Eduardo L\u00f3pez, y Luis C\u00e1mera, entre otros, con los que repas\u00f3 los \u00faltimos \u00edndices y variaciones del coronavirus y analiz\u00f3 la &#8220;posibilidad de flexibilizar la cuarentena&#8221; y otras actividades econ\u00f3micas en base a los datos t\u00e9cnicos sobre las &#8220;diferentes realidades de las provincias&#8221;.<\/p>\n<p>Tambi\u00e9n participaron del encuentro el jefe de Gabinete, Santiago Cafiero; el ministro de Salud, Gin\u00e9s Gonz\u00e1lez Garc\u00eda; la secretaria de Acceso a la Salud, Carla Vizzotti, y la embajadora especial de la OMS-OPS para Am\u00e9rica Latina y el Caribe, Mirta Roses.<\/p>\n<p>&#8220;La cuarentena se va a prolongar&#8221; porque en aquellos pa\u00edses donde &#8220;la mantuvieron alrededor de ocho semanas, fue donde mejor respondi\u00f3&#8221; y donde se pudo flexibilizar &#8220;con mayor tranquilidad&#8221;, se\u00f1al\u00f3 L\u00f3pez, jefe del departamento de medicina del Hospital de Ni\u00f1os Ricardo Guti\u00e9rrez, en di\u00e1logo con la prensa, y anticip\u00f3 que la flexibilizaci\u00f3n ser\u00e1 &#8220;por provincia y tal vez por municipio; no en el conurbano bonaerense o en Capital Federal, pero s\u00ed en el interior de la provincia de Buenos Aires, Entre R\u00edos o C\u00f3rdoba&#8221;.<\/p>\n<p>En la noche del mi\u00e9rcoles, el Gobierno autoriz\u00f3 a las provincias de Entre R\u00edos, Misiones, Salta, San Juan y Neuqu\u00e9n a aplicar la excepci\u00f3n de la cuarentena para actividades econ\u00f3micas destinadas a profesionales aut\u00f3nomos con t\u00edtulo habilitante, como abogados y contadores.<\/p>\n<p>El Ejecutivo nacional habilit\u00f3 adem\u00e1s las obras p\u00fablicas privadas en Salta, San Juan, Santa Cruz, Misiones, Entre R\u00edos, Mendoza y Neuqu\u00e9n.<\/p>\n","protected":false},"excerpt":{"rendered":"<p>Habr\u00e1 nuevas excepciones a actividades regionales del interior del pa\u00eds. No quieren &#8220;regalar el esfuerzo econ\u00f3mico y social que se hizo hasta ahora&#8221; &nbsp; &nbsp; &nbsp; El presidente Alberto Fern\u00e1ndez anunciar\u00e1 en la noche de este viernes desde la residencia de Olivos la ampliaci\u00f3n de la cuarentena &#8220;focalizada&#8221; hasta el domingo 10 de mayo inclusive, la cual incluir\u00eda nuevas excepciones en el interior del pa\u00eds. &#8220;El presidente sigue escuchando los pedidos&#8221; de los mandatarios provinciales &#8220;por lo que se podr\u00edan exceptuar nuevas actividades regionales&#8221;, anticip\u00f3 un vocero del Gobierno, quien&#8230;<\/p>\n","protected":false},"author":3,"featured_media":59977,"comment_status":"closed","ping_status":"closed","sticky":false,"template":"","format":"standard","meta":[],"categories":[9],"tags":[],"_links":{"self":[{"href":"https:\/\/www.actualidadadiario.com\/index.php\/wp-json\/wp\/v2\/posts\/60627"}],"collection":[{"href":"https:\/\/www.actualidadadiario.com\/index.php\/wp-json\/wp\/v2\/posts"}],"about":[{"href":"https:\/\/www.actualidadadiario.com\/index.php\/wp-json\/wp\/v2\/types\/post"}],"author":[{"embeddable":true,"href":"https:\/\/www.actualidadadiario.com\/index.php\/wp-json\/wp\/v2\/users\/3"}],"replies":[{"embeddable":true,"href":"https:\/\/www.actualidadadiario.com\/index.php\/wp-json\/wp\/v2\/comments?post=60627"}],"version-history":[{"count":1,"href":"https:\/\/www.actualidadadiario.com\/index.php\/wp-json\/wp\/v2\/posts\/60627\/revisions"}],"predecessor-version":[{"id":60628,"href":"https:\/\/www.actualidadadiario.com\/index.php\/wp-json\/wp\/v2\/posts\/60627\/revisions\/60628"}],"wp:featuredmedia":[{"embeddable":true,"href":"https:\/\/www.actualidadadiario.com\/index.php\/wp-json\/wp\/v2\/media\/59977"}],"wp:attachment":[{"href":"https:\/\/www.actualidadadiario.com\/index.php\/wp-json\/wp\/v2\/media?parent=60627"}],"wp:term":[{"taxonomy":"category","embeddable":true,"href":"https:\/\/www.actualidadadiario.com\/index.php\/wp-json\/wp\/v2\/categories?post=60627"},{"taxonomy":"post_tag","embeddable":true,"href":"https:\/\/www.actualidadadiario.com\/index.php\/wp-json\/wp\/v2\/tags?post=60627"}],"curies":[{"name":"wp","href":"https:\/\/api.w.org\/{rel}","templated":true}]}}