{"id":60614,"date":"2020-04-24T13:46:31","date_gmt":"2020-04-24T16:46:31","guid":{"rendered":"https:\/\/www.actualidadadiario.com\/?p=60614"},"modified":"2020-04-24T13:46:31","modified_gmt":"2020-04-24T16:46:31","slug":"estiman-que-por-la-pandemia-la-pobreza-crecio-a-45","status":"publish","type":"post","link":"https:\/\/www.actualidadadiario.com\/index.php\/2020\/04\/24\/estiman-que-por-la-pandemia-la-pobreza-crecio-a-45\/","title":{"rendered":"Estiman que por la pandemia la pobreza creci\u00f3 a 45%"},"content":{"rendered":"<p style=\"text-align: center;\"><em><strong>Agust\u00edn Salvia consider\u00f3 que hay un empobrecimiento importante de clases media bajas, que ahora han ca\u00eddo o profundizaron su situaci\u00f3n. Estim\u00f3 que los \u00edndices de pobreza se ubican alrededor del 45%. Los m\u00e1s afectados son los segmentos que ten\u00edan ingresos entre $30.000 y $40.000<\/strong><\/em><\/p>\n<p>&nbsp;<\/p>\n<p>&nbsp;<\/p>\n<p>El titular del Observatorio de la Deuda Social de la UCA, Agust\u00edn Salvia, sostuvo este jueves que se est\u00e1 produciendo un empobrecimiento importante de clases media bajas, en el contexto del freno econ\u00f3mico producto de la pandemia de coronavirus, y estim\u00f3 que actualmente los \u00edndices de pobreza se ubican en alrededor del 45%.<\/p>\n<p>En declaraciones a FM Futurock, el experto de la Universidad Cat\u00f3lica Argentina (UCA) sostuvo que el resultado de los pr\u00f3ximos \u00edndices es obvio, porque se para la econom\u00eda en el contexto del aislamiento social, y el primer shock es contra la econom\u00eda informal.<\/p>\n<p>Sin embargo, agreg\u00f3 que ese sector es parcialmente compensado por las pol\u00edticas de transferencia de ingresos que plante\u00f3 el Gobierno, y destac\u00f3 que en los sectores m\u00e1s bajos el mecanismo de compensaci\u00f3n ayuda mucho ya que queda garantizada la alimentaci\u00f3n y la compra de medicamentos, sus gastos centrales.<\/p>\n<p>Por el contrario, sostuvo que esto no sucede en los segmentos que ten\u00edan ingresos de $30.000 o $40.000, que pod\u00edan ser clase media baja pero no ser pobres, porque en caso de que les llegue la asistencia estatal, no cubre esos ingresos. Por eso, consider\u00f3 que hay un empobrecimiento importante de clases media bajas, que ahora han ca\u00eddo en la pobreza o profundizaron su situaci\u00f3n.<\/p>\n<p>Para Salvia: &#8220;De ah\u00ed viene el segundo impacto econ\u00f3mico, que tiene que ver con la peque\u00f1a y mediana empresa, que reduce salarios, suspende trabajadores, reduce horas extras&#8221;.<\/p>\n<p>&#8220;Esos ya son trabajadores formales&#8221;, sostuvo, e insisti\u00f3 en la idea de un empobrecimiento de clases obreras, no pobres, que ven reducidos sus ingresos.<\/p>\n<p>Consultado sobre cifras puntuales, Salvia sostuvo: &#8220;El Gobierno lo puso en puntos, dijo que pod\u00eda bancarse 10 puntos de pobreza en esta situaci\u00f3n, y es m\u00e1s o menos lo esperable que haya ocurrido&#8221;, y record\u00f3 que ya hab\u00eda un 38% de pobreza en diciembre de 2019.<\/p>\n<p>&#8220;Es de esperar que el shock de marzo lo haya aumentado al menos 5 o 6 puntos, y est\u00e9 alrededor del 45%&#8221;, seg\u00fan estim\u00f3.<\/p>\n<p>&#8220;El problema son los que est\u00e1n cayendo en la pobreza de los sectores formales, que van a seguir cayendo&#8221;, prosigui\u00f3 Salvia, y expres\u00f3 que les van a dar la mitad del sueldo o van a ser despedidos, con un seguro de desempleo de $10.000.<\/p>\n<p>A continuaci\u00f3n, consider\u00f3 que hay una oportunidad pol\u00edtica e incluso social en este contexto, y record\u00f3 que la recuperaci\u00f3n econ\u00f3mica del pa\u00eds no pasa solo por la crisis de esta pandemia, porque ya est\u00e1bamos en crisis. &#8220;Ten\u00edamos recesi\u00f3n combinada con inflaci\u00f3n, eso va a quedarse plasmado en la post pandemia&#8221;, advirti\u00f3.<\/p>\n<p>&#8220;De eso no se va a salir sino es a trav\u00e9s de un pacto redistributivo&#8221;, sostuvo el analista de la UCA, quien agreg\u00f3 que vamos a necesitar exportar m\u00e1s, pero tambi\u00e9n que haya m\u00e1s consumidores del mercado interno.<\/p>\n<p>Por eso, Salvia consider\u00f3 necesario que los sectores concentrados entiendan que la viabilidad econ\u00f3mica de este pa\u00eds va a pasar porque tenga un mercado interno fortalecido, y esto implica un acuerdo econ\u00f3mico y social.<\/p>\n","protected":false},"excerpt":{"rendered":"<p>Agust\u00edn Salvia consider\u00f3 que hay un empobrecimiento importante de clases media bajas, que ahora han ca\u00eddo o profundizaron su situaci\u00f3n. Estim\u00f3 que los \u00edndices de pobreza se ubican alrededor del 45%. Los m\u00e1s afectados son los segmentos que ten\u00edan ingresos entre $30.000 y $40.000 &nbsp; &nbsp; El titular del Observatorio de la Deuda Social de la UCA, Agust\u00edn Salvia, sostuvo este jueves que se est\u00e1 produciendo un empobrecimiento importante de clases media bajas, en el contexto del freno econ\u00f3mico producto de la pandemia de coronavirus, y estim\u00f3 que actualmente los&#8230;<\/p>\n","protected":false},"author":3,"featured_media":44237,"comment_status":"closed","ping_status":"closed","sticky":false,"template":"","format":"standard","meta":[],"categories":[2],"tags":[],"_links":{"self":[{"href":"https:\/\/www.actualidadadiario.com\/index.php\/wp-json\/wp\/v2\/posts\/60614"}],"collection":[{"href":"https:\/\/www.actualidadadiario.com\/index.php\/wp-json\/wp\/v2\/posts"}],"about":[{"href":"https:\/\/www.actualidadadiario.com\/index.php\/wp-json\/wp\/v2\/types\/post"}],"author":[{"embeddable":true,"href":"https:\/\/www.actualidadadiario.com\/index.php\/wp-json\/wp\/v2\/users\/3"}],"replies":[{"embeddable":true,"href":"https:\/\/www.actualidadadiario.com\/index.php\/wp-json\/wp\/v2\/comments?post=60614"}],"version-history":[{"count":1,"href":"https:\/\/www.actualidadadiario.com\/index.php\/wp-json\/wp\/v2\/posts\/60614\/revisions"}],"predecessor-version":[{"id":60615,"href":"https:\/\/www.actualidadadiario.com\/index.php\/wp-json\/wp\/v2\/posts\/60614\/revisions\/60615"}],"wp:featuredmedia":[{"embeddable":true,"href":"https:\/\/www.actualidadadiario.com\/index.php\/wp-json\/wp\/v2\/media\/44237"}],"wp:attachment":[{"href":"https:\/\/www.actualidadadiario.com\/index.php\/wp-json\/wp\/v2\/media?parent=60614"}],"wp:term":[{"taxonomy":"category","embeddable":true,"href":"https:\/\/www.actualidadadiario.com\/index.php\/wp-json\/wp\/v2\/categories?post=60614"},{"taxonomy":"post_tag","embeddable":true,"href":"https:\/\/www.actualidadadiario.com\/index.php\/wp-json\/wp\/v2\/tags?post=60614"}],"curies":[{"name":"wp","href":"https:\/\/api.w.org\/{rel}","templated":true}]}}