{"id":60607,"date":"2020-04-24T13:44:29","date_gmt":"2020-04-24T16:44:29","guid":{"rendered":"https:\/\/www.actualidadadiario.com\/?p=60607"},"modified":"2020-04-24T13:44:29","modified_gmt":"2020-04-24T16:44:29","slug":"una-por-una-las-actividades-que-comienzan-a-funcionar-en-10-provincias","status":"publish","type":"post","link":"https:\/\/www.actualidadadiario.com\/index.php\/2020\/04\/24\/una-por-una-las-actividades-que-comienzan-a-funcionar-en-10-provincias\/","title":{"rendered":"Una por una, las actividades que comienzan a funcionar en 10 provincias"},"content":{"rendered":"<p style=\"text-align: center;\"><em><strong>El Gobierno oficializ\u00f3 este viernes la habilitaci\u00f3n de actividades de 10 provincias en el marco de la emergencia sanitaria por coronavirus. Empezar\u00e1 a regir desde el lunes, en tanto se aguarda el anuncio oficial del Presidente de la extensi\u00f3n de la cuarentena hasta el 10 de mayo<\/strong><\/em><\/p>\n<p>&nbsp;<\/p>\n<p>Mientras Alberto Fern\u00e1ndez delinea los \u00faltimos detalles de lo que ser\u00e1 una nueva etapa de confinamiento, la Jefatura de Gabinete dio visto bueno a la reapertura de actividades en provincias en donde no se identific\u00f3 circulaci\u00f3n local de covid-19 y baja incidencia de contagios: San Juan, Misiones, Neuqu\u00e9n, Santa Cruz, Entre R\u00edos, Salta, Mendoza, La Pampa y Jujuy. Se suma Tucum\u00e1n con otro tipo de alcance.<\/p>\n<p>En el primer listado de distritos la obra privada volver\u00e1 a funcionar &#8220;sujeto a la implementaci\u00f3n y cumplimiento de los protocolos sanitarios que cada jurisdicci\u00f3n establezca&#8221;, en cumplimiento de las recomendaciones e instrucciones sanitarias y de seguridad de las autoridades nacionales.<\/p>\n<p>&#8220;En todos los casos se deber\u00e1 garantizar la organizaci\u00f3n de turnos, si correspondiere, y los modos de trabajo y de traslado que garanticen las medidas de distanciamiento e higiene necesarias para disminuir el riesgo de contagio del nuevo Coronavirus&#8221;, indica el texto oficial.<\/p>\n<p>Adem\u00e1s, se insta a que &#8220;las empleadoras y los empleadores&#8221; deber\u00e1n garantizar las &#8220;condiciones de higiene y seguridad establecidas&#8221; provinciales\u00a0 para &#8220;preservar la salud de las trabajadoras y de los trabajadores&#8221;.<\/p>\n<p>En tanto, los profesionales alcanzados por esta exceptualidad deber\u00e1n tramitar el Certificado \u00danico Habilitante para Circulaci\u00f3n &#8211; covid-19, mientras que las personas que se dirijan a las consultas deber\u00e1n circular con la constancia del turno otorgado para su atenci\u00f3n.<\/p>\n<p>Por su parte, Tucum\u00e1n ver\u00e1 volver el lunes una serie de actividades y prestaciones de servicios que garanticen un menor n\u00famero de circulaci\u00f3n, entre las que se destacan:<\/p>\n<ul>\n<li>Establecimientos que desarrollen actividades de cobranza de servicios e impuestos.<\/li>\n<li>Oficinas de rentas de las provincias y de los municipios, con sistemas de turnos y guardias m\u00ednimas.<\/li>\n<li>Actividad registral nacional y provincial, con sistema de turnos y guardias m\u00ednimas.<\/li>\n<li>Venta de mercader\u00eda ya elaborada de comercios minoristas, a trav\u00e9s de plataformas de comercio electr\u00f3nico, venta telef\u00f3nica, \u00fanicamente mediante la modalidad de entrega a domicilio con los debidos resguardos sanitarios, protocolos y planificaci\u00f3n de la log\u00edstica. En ning\u00fan caso los comercios mencionados podr\u00e1n abrir sus puertas al p\u00fablico.<\/li>\n<li>Atenci\u00f3n m\u00e9dica y odontol\u00f3gica programada, de car\u00e1cter preventivo y seguimiento de enfermedades cr\u00f3nicas, con sistema de turno previo.<\/li>\n<li>Laboratorios de an\u00e1lisis cl\u00ednicos y centros de diagn\u00f3stico por imagen, con sistema de turno previo. \u00d3pticas, con sistema de turno previo.<\/li>\n<li>Peritos y liquidadores de siniestros de las compa\u00f1\u00edas aseguradoras.<\/li>\n<li>Establecimientos para la atenci\u00f3n de personas v\u00edctimas de violencia de g\u00e9nero.<\/li>\n<li>Producci\u00f3n para la exportaci\u00f3n, con autorizaci\u00f3n previa del Ministerio de Desarrollo Productivo.<\/li>\n<li>Procesos industriales espec\u00edficos, con autorizaci\u00f3n previa del Ministerio de Desarrollo Productivo.<\/li>\n<\/ul>\n","protected":false},"excerpt":{"rendered":"<p>El Gobierno oficializ\u00f3 este viernes la habilitaci\u00f3n de actividades de 10 provincias en el marco de la emergencia sanitaria por coronavirus. Empezar\u00e1 a regir desde el lunes, en tanto se aguarda el anuncio oficial del Presidente de la extensi\u00f3n de la cuarentena hasta el 10 de mayo &nbsp; Mientras Alberto Fern\u00e1ndez delinea los \u00faltimos detalles de lo que ser\u00e1 una nueva etapa de confinamiento, la Jefatura de Gabinete dio visto bueno a la reapertura de actividades en provincias en donde no se identific\u00f3 circulaci\u00f3n local de covid-19 y baja incidencia&#8230;<\/p>\n","protected":false},"author":3,"featured_media":60216,"comment_status":"closed","ping_status":"closed","sticky":false,"template":"","format":"standard","meta":[],"categories":[9],"tags":[],"_links":{"self":[{"href":"https:\/\/www.actualidadadiario.com\/index.php\/wp-json\/wp\/v2\/posts\/60607"}],"collection":[{"href":"https:\/\/www.actualidadadiario.com\/index.php\/wp-json\/wp\/v2\/posts"}],"about":[{"href":"https:\/\/www.actualidadadiario.com\/index.php\/wp-json\/wp\/v2\/types\/post"}],"author":[{"embeddable":true,"href":"https:\/\/www.actualidadadiario.com\/index.php\/wp-json\/wp\/v2\/users\/3"}],"replies":[{"embeddable":true,"href":"https:\/\/www.actualidadadiario.com\/index.php\/wp-json\/wp\/v2\/comments?post=60607"}],"version-history":[{"count":1,"href":"https:\/\/www.actualidadadiario.com\/index.php\/wp-json\/wp\/v2\/posts\/60607\/revisions"}],"predecessor-version":[{"id":60608,"href":"https:\/\/www.actualidadadiario.com\/index.php\/wp-json\/wp\/v2\/posts\/60607\/revisions\/60608"}],"wp:featuredmedia":[{"embeddable":true,"href":"https:\/\/www.actualidadadiario.com\/index.php\/wp-json\/wp\/v2\/media\/60216"}],"wp:attachment":[{"href":"https:\/\/www.actualidadadiario.com\/index.php\/wp-json\/wp\/v2\/media?parent=60607"}],"wp:term":[{"taxonomy":"category","embeddable":true,"href":"https:\/\/www.actualidadadiario.com\/index.php\/wp-json\/wp\/v2\/categories?post=60607"},{"taxonomy":"post_tag","embeddable":true,"href":"https:\/\/www.actualidadadiario.com\/index.php\/wp-json\/wp\/v2\/tags?post=60607"}],"curies":[{"name":"wp","href":"https:\/\/api.w.org\/{rel}","templated":true}]}}