{"id":60604,"date":"2020-04-24T13:43:41","date_gmt":"2020-04-24T16:43:41","guid":{"rendered":"https:\/\/www.actualidadadiario.com\/?p=60604"},"modified":"2020-04-24T13:43:41","modified_gmt":"2020-04-24T16:43:41","slug":"estiman-que-la-inversion-de-la-provincia-para-paliar-la-crisis-superara-largamente-los-100-millones-de-pesos","status":"publish","type":"post","link":"https:\/\/www.actualidadadiario.com\/index.php\/2020\/04\/24\/estiman-que-la-inversion-de-la-provincia-para-paliar-la-crisis-superara-largamente-los-100-millones-de-pesos\/","title":{"rendered":"Estiman que la inversi\u00f3n de la provincia para paliar la crisis superar\u00e1 \u201clargamente los 100 millones de pesos\u201d"},"content":{"rendered":"<p style=\"text-align: center;\"><em><strong>La estimaci\u00f3n la hizo el ministro de la Producci\u00f3n, Juan Jos\u00e9 Bahillo, aunque aclar\u00f3 que todav\u00eda se est\u00e1n evaluando los n\u00fameros reales. Explic\u00f3 que el gobierno nacional lleva invertido, desde el inicio de la pandemia, un bill\u00f3n de pesos para asistir a los sectores econ\u00f3micos y sociales afectados por el aislamiento<\/strong><\/em><\/p>\n<p>&nbsp;<\/p>\n<p>&nbsp;<\/p>\n<p>El ministro tambi\u00e9n se refiri\u00f3 a las nuevas actividades habilitadas por la Naci\u00f3n y precis\u00f3 que hasta el momento las exenciones suman 33 en total. En el caso de Entre R\u00edos, explic\u00f3 que se tuvo en cuenta \u201cla realidad que han planteado intendentes, los sectores productivos\u201d, los informes de salud y \u201clas decisiones que ha tomado el gobernador con toda esta informaci\u00f3n\u201d, para elevar el pedido a la Jefatura de Gabinete. \u201cSeguramente en la medida que la situaci\u00f3n de la salud lo permita vamos\u00a0 ir avanzando con otros sectores de manera adicional\u201d, anticip\u00f3 durante la conferencia virtual celebrada este jueves.<\/p>\n<p>Por otro lado precis\u00f3 que el gobierno nacional llevaba invertidos desde el inicio de la pandemia hasta los primeros d\u00edas de abril 500 mil millones de pesos, el 2% del PBI, \u201cpara paliar esta situaci\u00f3n econ\u00f3mica, familiar, individual, de las consecuencias no queridas pero que son inevitables a partir de las medidas que se toman para enfrentar la pandemia\u201d. En los \u00faltimos 10 d\u00edas ese monto ascendi\u00f3, al d\u00eda de hoy, a un bill\u00f3n de pesos, 4% del PBI.<\/p>\n<p>En cuanto a la provincia, dijo que \u201ctodav\u00eda estamos evaluando el impacto, pero va a superar largamente los 100 millones de pesos\u201d.<\/p>\n<p>Bahillo inform\u00f3 que todas las medidas de financiamiento y ayudas a los distintos sectores comerciales e industriales e inclusive sociales, est\u00e1n en la p\u00e1gina del ministerio. En tanto que para buscar informaci\u00f3n y asesoramiento, los interesados se pueden comunicar con la Secretar\u00eda de Desarrollo Econ\u00f3mico y Emprendedor al tel\u00e9fono (0343) 484 0964.<\/p>\n","protected":false},"excerpt":{"rendered":"<p>La estimaci\u00f3n la hizo el ministro de la Producci\u00f3n, Juan Jos\u00e9 Bahillo, aunque aclar\u00f3 que todav\u00eda se est\u00e1n evaluando los n\u00fameros reales. Explic\u00f3 que el gobierno nacional lleva invertido, desde el inicio de la pandemia, un bill\u00f3n de pesos para asistir a los sectores econ\u00f3micos y sociales afectados por el aislamiento &nbsp; &nbsp; El ministro tambi\u00e9n se refiri\u00f3 a las nuevas actividades habilitadas por la Naci\u00f3n y precis\u00f3 que hasta el momento las exenciones suman 33 en total. En el caso de Entre R\u00edos, explic\u00f3 que se tuvo en cuenta&#8230;<\/p>\n","protected":false},"author":3,"featured_media":60605,"comment_status":"closed","ping_status":"closed","sticky":false,"template":"","format":"standard","meta":[],"categories":[15],"tags":[],"_links":{"self":[{"href":"https:\/\/www.actualidadadiario.com\/index.php\/wp-json\/wp\/v2\/posts\/60604"}],"collection":[{"href":"https:\/\/www.actualidadadiario.com\/index.php\/wp-json\/wp\/v2\/posts"}],"about":[{"href":"https:\/\/www.actualidadadiario.com\/index.php\/wp-json\/wp\/v2\/types\/post"}],"author":[{"embeddable":true,"href":"https:\/\/www.actualidadadiario.com\/index.php\/wp-json\/wp\/v2\/users\/3"}],"replies":[{"embeddable":true,"href":"https:\/\/www.actualidadadiario.com\/index.php\/wp-json\/wp\/v2\/comments?post=60604"}],"version-history":[{"count":1,"href":"https:\/\/www.actualidadadiario.com\/index.php\/wp-json\/wp\/v2\/posts\/60604\/revisions"}],"predecessor-version":[{"id":60606,"href":"https:\/\/www.actualidadadiario.com\/index.php\/wp-json\/wp\/v2\/posts\/60604\/revisions\/60606"}],"wp:featuredmedia":[{"embeddable":true,"href":"https:\/\/www.actualidadadiario.com\/index.php\/wp-json\/wp\/v2\/media\/60605"}],"wp:attachment":[{"href":"https:\/\/www.actualidadadiario.com\/index.php\/wp-json\/wp\/v2\/media?parent=60604"}],"wp:term":[{"taxonomy":"category","embeddable":true,"href":"https:\/\/www.actualidadadiario.com\/index.php\/wp-json\/wp\/v2\/categories?post=60604"},{"taxonomy":"post_tag","embeddable":true,"href":"https:\/\/www.actualidadadiario.com\/index.php\/wp-json\/wp\/v2\/tags?post=60604"}],"curies":[{"name":"wp","href":"https:\/\/api.w.org\/{rel}","templated":true}]}}