{"id":60601,"date":"2020-04-24T13:42:58","date_gmt":"2020-04-24T16:42:58","guid":{"rendered":"https:\/\/www.actualidadadiario.com\/?p=60601"},"modified":"2020-04-24T13:42:58","modified_gmt":"2020-04-24T16:42:58","slug":"paira-tenemos-presencia-en-todo-el-territorio-y-el-acuerdo-local-es-prioridad-de-gestion","status":"publish","type":"post","link":"https:\/\/www.actualidadadiario.com\/index.php\/2020\/04\/24\/paira-tenemos-presencia-en-todo-el-territorio-y-el-acuerdo-local-es-prioridad-de-gestion\/","title":{"rendered":"Paira: &#8220;Tenemos presencia en todo el territorio y el acuerdo local es prioridad de gesti\u00f3n&#8221;"},"content":{"rendered":"<p style=\"text-align: center;\"><em><strong>La ministra de Desarrollo Social, Marisa Paira, se comunic\u00f3 por videoconferencia con los coordinadores de comedores para realizar un repaso de las medidas dispuestas por el gobierno provincial en relaci\u00f3n a la pol\u00edtica alimentaria y al funcionamiento de esos espacios en el marco de la pandemia<\/strong><\/em><\/p>\n<p>&nbsp;<\/p>\n<p>&nbsp;<\/p>\n<p>\u201cTodos los d\u00edas nuestra prioridad es el trabajo articulado entre los distintos ministerios, los municipios y los actores locales, como lo viene se\u00f1alando siempre el gobernador Gustavo Bordet. Tenemos presencia en todo el territorio y el acuerdo local es prioridad de gesti\u00f3n. Este es un momento que requiere de la solidaridad y el compromiso para definir pol\u00edticas entre todos\u201d, asegur\u00f3 Paira en la reuni\u00f3n virtual desarrollada este mi\u00e9rcoles desde el Centro Provincial de Convenciones (CPC), de Paran\u00e1, con los coordinadores de comedores de toda la provincia.<\/p>\n<p>En ese marco, la ministra inst\u00f3 a los coordinadores de comedores a establecer prioridades y a sostener la rector\u00eda de la provincia en relaci\u00f3n con la metodolog\u00eda de trabajo. &#8220;En esta situaci\u00f3n de pandemia actual, todos los que trabajamos en las \u00e1reas sociales, y mucho m\u00e1s aquellos que lo hacen con la asistencia alimentaria, tenemos el desaf\u00edo de pensar estrategias articuladas para poder dar respuestas. Necesitamos recursos pero tambi\u00e9n organizaci\u00f3n y planificaci\u00f3n\u201d, remarc\u00f3.<\/p>\n<p>Por otro lado, Paira reafirm\u00f3: &#8220;Es importante promover que los comedores escolares y comunitarios compren productos a los emprendedores y emprendedoras como estrategia de fortalecimiento del mercado local y de la econom\u00eda popular\u201d.<\/p>\n<p>Luego la ministra record\u00f3 las recomendaciones vigentes: asegurar el cuidado y la higiene, que los padres y madres no concurran con sus ni\u00f1os y ni\u00f1as a retirar las viandas, que lo hagan en el horario establecido por las autoridades escolares y que, en el establecimiento, mantengan la distancia social definida.<\/p>\n<p>\u201cSabemos del esfuerzo que est\u00e1n realizando cada uno de los coordinadores, las cocineras y cocineros para garantizar la nutrici\u00f3n de nuestros gurises. Comprendemos que la tarea no es sencilla y por eso queremos acompa\u00f1ar y agradecemos su trabajo comprometido y en red a lo largo y ancho de toda la provincia\u201d, concluy\u00f3 la ministra.<\/p>\n<p>El subsecretario de Pol\u00edticas Alimentarias, Lautaro Valdiviezo, y el director de Comedores, Ariel Wilbert, tambi\u00e9n participaron de este encuentro virtual.<\/p>\n<p>&nbsp;<\/p>\n<p><strong>Reforzar el trabajo conjunto<\/strong><\/p>\n<p>\u201cEl 16 de marzo comenzamos con la entrega de 11.000 viandas en 450 escuelas y hoy se est\u00e1n dando 27.000 viandas en toda la provincia\u201d, inform\u00f3 el subsecretario de Pol\u00edticas Alimentarias.<\/p>\n<p>En ese sentido, Lautaro Valdiviezo explic\u00f3: \u201cLa idea es ir sumando respuestas alimentarias, y reforzar el trabajo conjunto con las \u00e1reas municipales para que nos ayuden a coordinar esta tarea con los directivos de los establecimientos y la Direcci\u00f3n Departamental de Escuelas\u201d.<\/p>\n<p>Por su parte, Wilvers destac\u00f3 la articulaci\u00f3n con el personal de los comedores. \u201cEste escenario es nuevo y din\u00e1mico, porque nunca tuvimos una pandemia y una emergencia sanitaria de estas caracter\u00edsticas, y en este contexto estamos trabajando con cada una de las localidades para tener certeza en los datos, a los fines de ir definiendo nuevas estrategias\u201d, dijo.<\/p>\n<p>Durante el encuentro de trabajo, cada uno de los coordinadores brind\u00f3 un panorama de la realidad local y plante\u00f3 las estrategias que se est\u00e1n instrumentando en los departamentos para garantizar y reforzar la asistencia alimentaria.<\/p>\n","protected":false},"excerpt":{"rendered":"<p>La ministra de Desarrollo Social, Marisa Paira, se comunic\u00f3 por videoconferencia con los coordinadores de comedores para realizar un repaso de las medidas dispuestas por el gobierno provincial en relaci\u00f3n a la pol\u00edtica alimentaria y al funcionamiento de esos espacios en el marco de la pandemia &nbsp; &nbsp; \u201cTodos los d\u00edas nuestra prioridad es el trabajo articulado entre los distintos ministerios, los municipios y los actores locales, como lo viene se\u00f1alando siempre el gobernador Gustavo Bordet. Tenemos presencia en todo el territorio y el acuerdo local es prioridad de gesti\u00f3n&#8230;.<\/p>\n","protected":false},"author":3,"featured_media":60602,"comment_status":"closed","ping_status":"closed","sticky":false,"template":"","format":"standard","meta":[],"categories":[15],"tags":[],"_links":{"self":[{"href":"https:\/\/www.actualidadadiario.com\/index.php\/wp-json\/wp\/v2\/posts\/60601"}],"collection":[{"href":"https:\/\/www.actualidadadiario.com\/index.php\/wp-json\/wp\/v2\/posts"}],"about":[{"href":"https:\/\/www.actualidadadiario.com\/index.php\/wp-json\/wp\/v2\/types\/post"}],"author":[{"embeddable":true,"href":"https:\/\/www.actualidadadiario.com\/index.php\/wp-json\/wp\/v2\/users\/3"}],"replies":[{"embeddable":true,"href":"https:\/\/www.actualidadadiario.com\/index.php\/wp-json\/wp\/v2\/comments?post=60601"}],"version-history":[{"count":1,"href":"https:\/\/www.actualidadadiario.com\/index.php\/wp-json\/wp\/v2\/posts\/60601\/revisions"}],"predecessor-version":[{"id":60603,"href":"https:\/\/www.actualidadadiario.com\/index.php\/wp-json\/wp\/v2\/posts\/60601\/revisions\/60603"}],"wp:featuredmedia":[{"embeddable":true,"href":"https:\/\/www.actualidadadiario.com\/index.php\/wp-json\/wp\/v2\/media\/60602"}],"wp:attachment":[{"href":"https:\/\/www.actualidadadiario.com\/index.php\/wp-json\/wp\/v2\/media?parent=60601"}],"wp:term":[{"taxonomy":"category","embeddable":true,"href":"https:\/\/www.actualidadadiario.com\/index.php\/wp-json\/wp\/v2\/categories?post=60601"},{"taxonomy":"post_tag","embeddable":true,"href":"https:\/\/www.actualidadadiario.com\/index.php\/wp-json\/wp\/v2\/tags?post=60601"}],"curies":[{"name":"wp","href":"https:\/\/api.w.org\/{rel}","templated":true}]}}