{"id":60598,"date":"2020-04-24T13:42:11","date_gmt":"2020-04-24T16:42:11","guid":{"rendered":"https:\/\/www.actualidadadiario.com\/?p=60598"},"modified":"2020-04-24T13:42:11","modified_gmt":"2020-04-24T16:42:11","slug":"allanaron-la-jefatura-departamental-de-federacion-y-detuvieron-a-tres-policias","status":"publish","type":"post","link":"https:\/\/www.actualidadadiario.com\/index.php\/2020\/04\/24\/allanaron-la-jefatura-departamental-de-federacion-y-detuvieron-a-tres-policias\/","title":{"rendered":"Allanaron la Jefatura Departamental de Federaci\u00f3n y detuvieron a tres polic\u00edas"},"content":{"rendered":"<p style=\"text-align: center;\"><em><strong>Allanaron la Jefatura Departamental de Polic\u00eda de Federaci\u00f3n y detuvieron a tres uniformados por golpizas a una persona, en el marco de un operativo cuestionado, por el copamiento que hizo Prefectura en la dependencia y la decisi\u00f3n de expulsar a todo el personal que estaba en el lugar, por espacio de m\u00e1s de siete horas<\/strong><\/em><\/p>\n<p>&nbsp;<\/p>\n<p>Al respecto, la fiscal Mar\u00eda Josefina Pen\u00f3n explic\u00f3 que el mi\u00e9rcoles &#8220;inici\u00e9 de oficio una investigaci\u00f3n porque tom\u00e9 conocimiento que el d\u00eda lunes, a las 2 de la tarde, funcionarios policiales dependientes de la Polic\u00eda departamental local, habr\u00edan trasladado a un ciudadano de apellido Monz\u00f3n, a la Jefatura&#8221;. Agreg\u00f3 que &#8220;en el trayecto en que lo trasladaban a la Jefatura Departamental lo habr\u00edan agredido f\u00edsicamente, incluso hasta con un palo&#8221;.<\/p>\n<p>Pen\u00f3n dijo que los hechos &#8220;est\u00e1n en estado de sospecha&#8221;, y agreg\u00f3 que &#8220;por ahora tengo elementos que me permiten tener un alto grado de sospecha&#8221;, aunque no dio precisiones sobre el particular.<\/p>\n<p>&#8220;Me entrevist\u00e9 con la propia v\u00edctima, \u00e9l no se animaba a ir a la Fiscal\u00eda por el temor que le representan los funcionarios policiales, porque no ser\u00eda la primera vez que recibe vejaciones de parte de polic\u00edas, me entrevist\u00e9 con \u00e9l, narr\u00f3, dio detalles de todo lo que hab\u00eda sucedido. As\u00ed que solicit\u00e9 actuaciones y la Jefatura hace referencia a que lo hab\u00edan tra\u00eddo por actuaciones contravencionales porque estaba ebrio en la v\u00eda p\u00fablica&#8221;, indic\u00f3 Pen\u00f3n. La fiscal lleg\u00f3 con personal de Prefectura, exhibiendo armas largas, para allanar la Departamental Federaci\u00f3n y paraliz\u00f3 toda la actividad policial del lugar entre las 16 y las 23.30, ya que orden\u00f3 que salieran todos los integrantes de la dependencia, seg\u00fan supo ANALISIS. Por ende, durante m\u00e1s de siete horas la Departamental de Polic\u00eda no pudo prestar el servicio al 911, a los botones de p\u00e1nico ni al ingreso o egreso de los controles por coronavirus, porque sac\u00f3 a todos los polic\u00edas de sus puestos de trabajo. La orden de intervenci\u00f3n de personal de Prefectura fue del juez de Garant\u00edas de Federaci\u00f3n, Sergio Rondoni Caffa, ex fiscal de la ciudad de Gualeguaych\u00fa. Se supo que Rondoni Caffa fue quien exigi\u00f3 los detalles del ingreso de personal de Prefectura, en cuanto a la cantidad y que fueran con armas largas. Incluso, fue quien dispuso en el escrito que llev\u00f3 la fiscal que hicieran retirar a todo el personal presente en la Jefatura Departamental de Federaci\u00f3n. Es decir que dio m\u00e1s instrucciones de las previstas en un allanamiento normal a toda dependencia policial, donde alcanza con el secuestro del libro de guardia y apartar a todo el personal que estuvo durante la jornada del delito contra Monz\u00f3n.<\/p>\n<p>La fiscal agreg\u00f3 que &#8220;el m\u00e9dico forense constat\u00f3 m\u00faltiples lesiones en el cuerpo de Ricardo Monz\u00f3n que, en principio, se corresponden con sus dichos, que no fueron por una ca\u00edda como dice la polic\u00eda, sino por golpes. Con un palo pueden haber sido. Esta persona est\u00e1 muy herida, se le hicieron cinco puntos en la cabeza. En este momento (ya era de noche) el m\u00e9dico forense lo ver\u00e1 de nuevo porque le sangraba la herida, tiene tambi\u00e9n m\u00faltiples golpes en el cuerpo&#8221;, enfatiz\u00f3. Al parecer, la fiscal encontr\u00f3 una habitaci\u00f3n con manchas de sangre y una bolsa de residuos con la remera ensangrentada de la v\u00edctima y dispondr\u00eda de un dato que le podr\u00eda costar la cabeza al propio jefe departamental: que \u00e9l se habr\u00eda encontrado en su despacho al momento en que castigaban con dureza a Monz\u00f3n en la propia sede policial.<\/p>\n<p>&#8220;Se inicia esta investigaci\u00f3n, la car\u00e1tula ser\u00eda por vejaciones, que es el maltrato a un ciudadano com\u00fan, por privaci\u00f3n ileg\u00edtima de la libertad, pero esto es una hip\u00f3tesis porque la investigaci\u00f3n reci\u00e9n comienza&#8221; dijo precisando que &#8220;el allanamiento comenz\u00f3 a las 4 de la tarde, lo habilit\u00f3 el juez de Garant\u00edas, as\u00ed que me constitu\u00ed yo personalmente junto a mi secretaria y con personal de Prefectura Nacional&#8221;.<\/p>\n<p>Dijo asimismo que &#8220;en el lugar hemos secuestrado elementos de inter\u00e9s para la causa y hay tres funcionarios policiales detenidos por orden del juez y est\u00e1n imputados en la causa. La detenci\u00f3n es por 24 horas&#8221;, dijo la fiscal.<\/p>\n<p>Seg\u00fan se supo, Monz\u00f3n es un hombre con antecedentes en Federaci\u00f3n, por diferentes delitos menores y tiene la particularidad de dedicarse a tareas de corte de pasto a funcionarios judiciales de la ciudad. No obstante, en \u00e1mbitos judiciales de Federaci\u00f3n se viene siguiendo de cerca algunas acciones de personal policial, por lo cual hace 15 d\u00edas se lo convoc\u00f3 al jefe departamental de Federaci\u00f3n, comisario Fabio Noya. Se le anticip\u00f3 que si segu\u00edan las denuncias por golpizas contra los detenidos, se iba a ir hasta las \u00faltimas consecuencias.<\/p>\n","protected":false},"excerpt":{"rendered":"<p>Allanaron la Jefatura Departamental de Polic\u00eda de Federaci\u00f3n y detuvieron a tres uniformados por golpizas a una persona, en el marco de un operativo cuestionado, por el copamiento que hizo Prefectura en la dependencia y la decisi\u00f3n de expulsar a todo el personal que estaba en el lugar, por espacio de m\u00e1s de siete horas &nbsp; Al respecto, la fiscal Mar\u00eda Josefina Pen\u00f3n explic\u00f3 que el mi\u00e9rcoles &#8220;inici\u00e9 de oficio una investigaci\u00f3n porque tom\u00e9 conocimiento que el d\u00eda lunes, a las 2 de la tarde, funcionarios policiales dependientes de la&#8230;<\/p>\n","protected":false},"author":3,"featured_media":60599,"comment_status":"closed","ping_status":"closed","sticky":false,"template":"","format":"standard","meta":[],"categories":[15],"tags":[],"_links":{"self":[{"href":"https:\/\/www.actualidadadiario.com\/index.php\/wp-json\/wp\/v2\/posts\/60598"}],"collection":[{"href":"https:\/\/www.actualidadadiario.com\/index.php\/wp-json\/wp\/v2\/posts"}],"about":[{"href":"https:\/\/www.actualidadadiario.com\/index.php\/wp-json\/wp\/v2\/types\/post"}],"author":[{"embeddable":true,"href":"https:\/\/www.actualidadadiario.com\/index.php\/wp-json\/wp\/v2\/users\/3"}],"replies":[{"embeddable":true,"href":"https:\/\/www.actualidadadiario.com\/index.php\/wp-json\/wp\/v2\/comments?post=60598"}],"version-history":[{"count":1,"href":"https:\/\/www.actualidadadiario.com\/index.php\/wp-json\/wp\/v2\/posts\/60598\/revisions"}],"predecessor-version":[{"id":60600,"href":"https:\/\/www.actualidadadiario.com\/index.php\/wp-json\/wp\/v2\/posts\/60598\/revisions\/60600"}],"wp:featuredmedia":[{"embeddable":true,"href":"https:\/\/www.actualidadadiario.com\/index.php\/wp-json\/wp\/v2\/media\/60599"}],"wp:attachment":[{"href":"https:\/\/www.actualidadadiario.com\/index.php\/wp-json\/wp\/v2\/media?parent=60598"}],"wp:term":[{"taxonomy":"category","embeddable":true,"href":"https:\/\/www.actualidadadiario.com\/index.php\/wp-json\/wp\/v2\/categories?post=60598"},{"taxonomy":"post_tag","embeddable":true,"href":"https:\/\/www.actualidadadiario.com\/index.php\/wp-json\/wp\/v2\/tags?post=60598"}],"curies":[{"name":"wp","href":"https:\/\/api.w.org\/{rel}","templated":true}]}}