{"id":60596,"date":"2020-04-24T13:41:29","date_gmt":"2020-04-24T16:41:29","guid":{"rendered":"https:\/\/www.actualidadadiario.com\/?p=60596"},"modified":"2020-04-24T13:41:29","modified_gmt":"2020-04-24T16:41:29","slug":"salud-pide-el-estricto-cumplimiento-de-las-recomendaciones-del-comite-de-emergencia","status":"publish","type":"post","link":"https:\/\/www.actualidadadiario.com\/index.php\/2020\/04\/24\/salud-pide-el-estricto-cumplimiento-de-las-recomendaciones-del-comite-de-emergencia\/","title":{"rendered":"Salud pide el estricto cumplimiento de las recomendaciones del Comit\u00e9 de Emergencia"},"content":{"rendered":"<p style=\"text-align: center;\"><em><strong>Desde el Ministerio de Salud se destac\u00f3 trabajo sanitario realizado en Entre R\u00edos en el contexto de la pandemia, lo que permiti\u00f3 ir habilitando nuevas actividades, y se pidi\u00f3 a la poblaci\u00f3n extremar las medidas para continuar en este sentido<\/strong><\/em><\/p>\n<p>&nbsp;<\/p>\n<p>&nbsp;<\/p>\n<p>&nbsp;<\/p>\n<p>La ministra de Salud, Sonia Vel\u00e1zquez,\u00a0 hizo menci\u00f3n en al conferenciad de prensa virtual realizada este jueves a las actividades econ\u00f3micas autorizadas y advirti\u00f3 que esa flexibilizaci\u00f3n tambi\u00e9n\u00a0 implica la posibilidad de la circulaci\u00f3n del virus en la provincia, y expres\u00f3: \u201cAnte ello apelamos\u00a0 no solamente\u00a0 a la responsabilidades de la \u00e9tica del cuidado ciudadano, sino tambi\u00e9n a mantener todas las recomendaciones que han sido oportunamente brindadas por el\u00a0 Comit\u00e9 de Emergencia Sanitaria\u201d.<\/p>\n<p>Destac\u00f3 el trabajo que se viene realizando en el sistema de salud y en la preparaci\u00f3n de los equipos en la provincia, y dijo que la evoluci\u00f3n pandemia \u201cnos ha dado todo un fortalecimiento para seguir dise\u00f1ando y realizando acciones que tienen ver con organizar nuestro sistema sanitario, darnos instancia para seguir capacitando\u00a0 y acompa\u00f1ar a nuestros equipos de salud y realizar stock de insumos para cuando pueda circular el virus\u201d. Adem\u00e1s, explic\u00f3 que\u00a0 se va a desarrollar una instancia que tenga que ver con un trabajo sostenido para acompa\u00f1ar no solamente a los equipos de salud sino tambi\u00e9n a toda la comunidad entrerriana.<\/p>\n<p>Sobre el cumplimiento de la medida de aislamiento social, preventivo y obligatorio Vel\u00e1zquez remarc\u00f3: \u201cQuiero destacar el acompa\u00f1amiento que hemos tenido en el cumplimento del aislamiento f\u00edsico, tambi\u00e9n el cumplimento c\u00edvico por parte de\u00a0 los intendentes de cada localidad para este distanciamiento social, preventivo y obligatorio\u201d.<\/p>\n<p>Luego, expres\u00f3: \u201cBregamos por la construcci\u00f3n de lazos solidarios en esta pandemia para poder acompa\u00f1ar este camino que reci\u00e9n empieza y seguramente va a ser largo. Pero aspiramos a que sea de manera contenida y controlada\u201d.<\/p>\n<p>&nbsp;<\/p>\n<p><strong>Parte epidemiol\u00f3gico<\/strong><\/p>\n<p>Por otra parte, Vel\u00e1zquez inform\u00f3 sobre la situaci\u00f3n epidemiol\u00f3gica\u00a0 y se\u00f1al\u00f3 que en la provincia se mantiene\u00a0 en una fase de contenci\u00f3n y que hace una semana se viene presentando la misma situaci\u00f3n, con ingresos de casos sospechosos que se han ido descartando.<\/p>\n<p>Inform\u00f3 que a la fecha se llevan 464 estudios realizados en la provincia, 441 casos descartados, del cual uno se encuentra en estudio, en las ultimas hora ha ingresado otro. \u201cEstamos\u00a0 con 22 casos\u00a0 positivos\u00a0 de Covid, 13 de ellos han\u00a0 sido dados de alta m\u00e9dica y el resto se encuentra en seguimiento\u00a0 cl\u00ednico\u201d, concluy\u00f3.<\/p>\n","protected":false},"excerpt":{"rendered":"<p>Desde el Ministerio de Salud se destac\u00f3 trabajo sanitario realizado en Entre R\u00edos en el contexto de la pandemia, lo que permiti\u00f3 ir habilitando nuevas actividades, y se pidi\u00f3 a la poblaci\u00f3n extremar las medidas para continuar en este sentido &nbsp; &nbsp; &nbsp; La ministra de Salud, Sonia Vel\u00e1zquez,\u00a0 hizo menci\u00f3n en al conferenciad de prensa virtual realizada este jueves a las actividades econ\u00f3micas autorizadas y advirti\u00f3 que esa flexibilizaci\u00f3n tambi\u00e9n\u00a0 implica la posibilidad de la circulaci\u00f3n del virus en la provincia, y expres\u00f3: \u201cAnte ello apelamos\u00a0 no solamente\u00a0 a&#8230;<\/p>\n","protected":false},"author":3,"featured_media":32455,"comment_status":"closed","ping_status":"closed","sticky":false,"template":"","format":"standard","meta":[],"categories":[15],"tags":[],"_links":{"self":[{"href":"https:\/\/www.actualidadadiario.com\/index.php\/wp-json\/wp\/v2\/posts\/60596"}],"collection":[{"href":"https:\/\/www.actualidadadiario.com\/index.php\/wp-json\/wp\/v2\/posts"}],"about":[{"href":"https:\/\/www.actualidadadiario.com\/index.php\/wp-json\/wp\/v2\/types\/post"}],"author":[{"embeddable":true,"href":"https:\/\/www.actualidadadiario.com\/index.php\/wp-json\/wp\/v2\/users\/3"}],"replies":[{"embeddable":true,"href":"https:\/\/www.actualidadadiario.com\/index.php\/wp-json\/wp\/v2\/comments?post=60596"}],"version-history":[{"count":1,"href":"https:\/\/www.actualidadadiario.com\/index.php\/wp-json\/wp\/v2\/posts\/60596\/revisions"}],"predecessor-version":[{"id":60597,"href":"https:\/\/www.actualidadadiario.com\/index.php\/wp-json\/wp\/v2\/posts\/60596\/revisions\/60597"}],"wp:featuredmedia":[{"embeddable":true,"href":"https:\/\/www.actualidadadiario.com\/index.php\/wp-json\/wp\/v2\/media\/32455"}],"wp:attachment":[{"href":"https:\/\/www.actualidadadiario.com\/index.php\/wp-json\/wp\/v2\/media?parent=60596"}],"wp:term":[{"taxonomy":"category","embeddable":true,"href":"https:\/\/www.actualidadadiario.com\/index.php\/wp-json\/wp\/v2\/categories?post=60596"},{"taxonomy":"post_tag","embeddable":true,"href":"https:\/\/www.actualidadadiario.com\/index.php\/wp-json\/wp\/v2\/tags?post=60596"}],"curies":[{"name":"wp","href":"https:\/\/api.w.org\/{rel}","templated":true}]}}