{"id":60591,"date":"2020-04-24T13:39:49","date_gmt":"2020-04-24T16:39:49","guid":{"rendered":"https:\/\/www.actualidadadiario.com\/?p=60591"},"modified":"2020-04-24T13:39:49","modified_gmt":"2020-04-24T16:39:49","slug":"bordet-abordo-con-gines-gonzalez-garcia-la-situacion-epidemiologica-entrerriana","status":"publish","type":"post","link":"https:\/\/www.actualidadadiario.com\/index.php\/2020\/04\/24\/bordet-abordo-con-gines-gonzalez-garcia-la-situacion-epidemiologica-entrerriana\/","title":{"rendered":"Bordet abord\u00f3 con Gines Gonz\u00e1lez Garc\u00eda la situaci\u00f3n epidemiol\u00f3gica entrerriana"},"content":{"rendered":"<p style=\"text-align: center;\"><em><strong>El gobernador Gustavo Bordet particip\u00f3 del Consejo Federal de Salud a trav\u00e9s de la videoconferencia que mantuvo el Comit\u00e9 de Organizaci\u00f3n de Emergencias de Salud (COES) con el ministro de Salud de la Naci\u00f3n, Gin\u00e9s Gonz\u00e1lez Garc\u00eda<\/strong><\/em><\/p>\n<p>&nbsp;<\/p>\n<p>&nbsp;<\/p>\n<p>Bordet, junto a la ministra de Salud, Sonia Vel\u00e1zquez, e integrantes del COES mantuvieron este jueves una videoconferencia con Gonz\u00e1lez Garc\u00eda. Tras la misma, el gobernador coment\u00f3: &#8220;Participamos con la ministra y con el COES en lo que es el Consejo Federal de Salud, que re\u00fane a todos los ministros de Salud de Naci\u00f3n y siempre resulta muy interesante poder compartir visiones de distintas realidades con una \u00f3ptica y una mirada federal, y tener la posibilidad de intercambiar con el ministro Gin\u00e9s Gonz\u00e1lez Garc\u00eda sobre la situaci\u00f3n particular de Entre R\u00edos, lo que estamos trabajando en territorio y la articulaci\u00f3n con el ministerio nacional para poder llevar con \u00e9xito adelante una estrategia en todo el territorio entrerriano&#8221;.<\/p>\n<p>&#8220;El Consejo Federal de Salud es un instrumento muy necesario no s\u00f3lo en \u00e9pocas de emergencias como \u00e9stas, sino tambi\u00e9n habitualmente porque define la pol\u00edtica sanitaria de todo el pa\u00eds y tambi\u00e9n de la provincia de Entre R\u00edos. En ese sentido, poder tener precisiones e informaci\u00f3n ayuda a tomar mejores y r\u00e1pidas decisiones. De all\u00ed que es importante estar en la reuni\u00f3n y compartirla con la ministra para r\u00e1pidamente realizar el trabajo en territorio&#8221;, indic\u00f3 el primer mandatario provincial.<\/p>\n<p>El mandatario destac\u00f3 que \u201chemos podido aislar los casos que ten\u00edamos de viajeros al exterior o de contactos estrechos con esas personas y hoy no tenemos circulaci\u00f3n activa en la provincia, lo cual es muy bueno y nos ha permitido habilitar algunas otros sectores para que la actividad econ\u00f3mica pueda seguir su curso y mucha gente pueda tener su sustento\u201d.<\/p>\n<p>Sin embargo, apel\u00f3 &#8220;a que seamos responsables, que cada uno cumplamos con las normas de autocuidado, de mantener las distancias, de la autohigiene personal y el m\u00ednimo contacto posible para evitar la circulaci\u00f3n del virus, porque si esto no da resultado autom\u00e1ticamente volveremos a los m\u00e9todos de aislamiento m\u00e1s duros, porque en definitiva lo que nos preocupa es la salud de la poblaci\u00f3n. Coincido plenamente, desde que se convers\u00f3 con el Presidente, autoridades del Ministerio de Salud de la Naci\u00f3n y los gobernadores, de cu\u00e1l era el abordaje que ten\u00edamos tener en la pandemia. Seguimos con el mismo lineamiento&#8221;, remarc\u00f3<\/p>\n<p>Y agreg\u00f3: &#8220;Habida cuenta de los avances que hemos tenido, hemos podido lograr una mayor apertura, pero esto es responsabilidad de todos los ciudadanos; independientemente de los controles que hacemos y que son muchos, la responsabilidad primaria es de cada uno de nosotros, cuidarnos a nosotros mismos para cuidar al otro&#8221;.<\/p>\n<p>Bordet destac\u00f3 la colaboraci\u00f3n, cooperaci\u00f3n y articulaci\u00f3n con el Ministerio de Salud de la Naci\u00f3n como organismo rector, &#8220;con decisiones que realmente fueron importante\u201d, como la compra centralizada de respiradores e insumos para ser distribuidos de forma equitativa y federal y el trabajo conjunto que pudo desarrollar Argentina y viene dando sus frutos con el achatamiento de la curva.<\/p>\n<p>En el temario tambi\u00e9n estuvo el trabajo con las obras sociales provinciales &#8220;para poder dar la seguridad de que el sistema privado pueda sostener las prestaciones. Lo estamos trabajando coordinadamente\u201d, concluy\u00f3.<\/p>\n<p>&nbsp;<\/p>\n<p><strong>Definici\u00f3n permanente de medidas<\/strong><\/p>\n<p>Por su parte, la ministra de Salud, Sonia Vel\u00e1zquez, remarc\u00f3 que &#8220;es necesario transmitir a la sociedad que a mayor flexibilizaci\u00f3n econ\u00f3mica hay mayor posibilidad de la circulaci\u00f3n del virus, por lo tanto tenemos que extremar la \u00e9tica del cuidado, que implica distanciamiento f\u00edsico, que es necesario seguir teniendo am\u00e9n de todas las medidas que vamos explicitando desde el inicio&#8221;.<\/p>\n<p>&#8220;Nosotros llevamos el d\u00eda 48 desde la conformaci\u00f3n del COES en la provincia y no hemos parado un solo d\u00eda de desarrollar medidas, planes estrat\u00e9gicos que se han visto plasmados no solamente en el territorio, en un acompa\u00f1amiento sostenido por los equipos de salud, sino tambi\u00e9n en el fortalecimiento del equipamiento e insumos que hemos brindado a los distintos efectores sanitarios&#8221;.<\/p>\n<p>Adem\u00e1s, afirm\u00f3 que &#8220;hemos hecho un trabajo pormenorizado con otros integrantes del COES, como es el sector privado y el de la seguridad social; y tambi\u00e9n un trabajo silencioso pero muy intensivo en el acompa\u00f1amiento a los nodos de epidemiolog\u00eda en cada territorio&#8221;.<\/p>\n<p>Indic\u00f3 que la reuni\u00f3n del Cofesa de este viernes &#8220;para nosotros es muy importante, porque, como dice el ministro de Salud de la Naci\u00f3n, todos los d\u00edas construimos decisiones en materia sanitaria en la Argentina y en la provincia de Entre R\u00edos&#8221;.<\/p>\n","protected":false},"excerpt":{"rendered":"<p>El gobernador Gustavo Bordet particip\u00f3 del Consejo Federal de Salud a trav\u00e9s de la videoconferencia que mantuvo el Comit\u00e9 de Organizaci\u00f3n de Emergencias de Salud (COES) con el ministro de Salud de la Naci\u00f3n, Gin\u00e9s Gonz\u00e1lez Garc\u00eda &nbsp; &nbsp; Bordet, junto a la ministra de Salud, Sonia Vel\u00e1zquez, e integrantes del COES mantuvieron este jueves una videoconferencia con Gonz\u00e1lez Garc\u00eda. Tras la misma, el gobernador coment\u00f3: &#8220;Participamos con la ministra y con el COES en lo que es el Consejo Federal de Salud, que re\u00fane a todos los ministros de&#8230;<\/p>\n","protected":false},"author":3,"featured_media":60592,"comment_status":"closed","ping_status":"closed","sticky":false,"template":"","format":"standard","meta":[],"categories":[15],"tags":[],"_links":{"self":[{"href":"https:\/\/www.actualidadadiario.com\/index.php\/wp-json\/wp\/v2\/posts\/60591"}],"collection":[{"href":"https:\/\/www.actualidadadiario.com\/index.php\/wp-json\/wp\/v2\/posts"}],"about":[{"href":"https:\/\/www.actualidadadiario.com\/index.php\/wp-json\/wp\/v2\/types\/post"}],"author":[{"embeddable":true,"href":"https:\/\/www.actualidadadiario.com\/index.php\/wp-json\/wp\/v2\/users\/3"}],"replies":[{"embeddable":true,"href":"https:\/\/www.actualidadadiario.com\/index.php\/wp-json\/wp\/v2\/comments?post=60591"}],"version-history":[{"count":1,"href":"https:\/\/www.actualidadadiario.com\/index.php\/wp-json\/wp\/v2\/posts\/60591\/revisions"}],"predecessor-version":[{"id":60593,"href":"https:\/\/www.actualidadadiario.com\/index.php\/wp-json\/wp\/v2\/posts\/60591\/revisions\/60593"}],"wp:featuredmedia":[{"embeddable":true,"href":"https:\/\/www.actualidadadiario.com\/index.php\/wp-json\/wp\/v2\/media\/60592"}],"wp:attachment":[{"href":"https:\/\/www.actualidadadiario.com\/index.php\/wp-json\/wp\/v2\/media?parent=60591"}],"wp:term":[{"taxonomy":"category","embeddable":true,"href":"https:\/\/www.actualidadadiario.com\/index.php\/wp-json\/wp\/v2\/categories?post=60591"},{"taxonomy":"post_tag","embeddable":true,"href":"https:\/\/www.actualidadadiario.com\/index.php\/wp-json\/wp\/v2\/tags?post=60591"}],"curies":[{"name":"wp","href":"https:\/\/api.w.org\/{rel}","templated":true}]}}