{"id":60585,"date":"2020-04-24T13:37:58","date_gmt":"2020-04-24T16:37:58","guid":{"rendered":"https:\/\/www.actualidadadiario.com\/?p=60585"},"modified":"2020-04-24T13:37:58","modified_gmt":"2020-04-24T16:37:58","slug":"primera-sesion-de-la-legislatura-entrerriana-de-forma-virtual","status":"publish","type":"post","link":"https:\/\/www.actualidadadiario.com\/index.php\/2020\/04\/24\/primera-sesion-de-la-legislatura-entrerriana-de-forma-virtual\/","title":{"rendered":"Primera Sesi\u00f3n de la Legislatura entrerriana de forma virtual"},"content":{"rendered":"<p style=\"text-align: center;\"><em><strong>\u201cEs la primera sesi\u00f3n virtual del Poder Legislativo en la historia de Entre R\u00edos&#8221;, expres\u00f3 el presidente del cuerpo, Angel Giano, al dar inicio a la sesi\u00f3n ordinaria del 141 Per\u00edodo Legislativo, que sesion\u00f3 de manera virtual debido al contexto extraordinario en el marco de esta pandemia<\/strong><\/em><\/p>\n<p>&nbsp;<\/p>\n<p>Giano brind\u00f3 precisiones sobre las razones por las cuales se decidi\u00f3 utilizar esta modalidad, las consultas que se realizaron a los expertos sanitarios y a los asesores jur\u00eddicos.<\/p>\n<p>En este sentido detall\u00f3 sobre las diversas modalidades de resguardo de la sesi\u00f3n (implementaci\u00f3n de programa inform\u00e1tico de registro, grabaci\u00f3n audiovisual, actas y la labor de los taqu\u00edgrafos). Tambi\u00e9n inform\u00f3 sobre el dispositivo de salud habilitado en el recinto por cualquier emergencia.<\/p>\n<p>Por ello agradeci\u00f3 a las y los trabajadores de la C\u00e1mara de Diputados por la tarea realizada para adecuar todos los mecanismos del \u00f3rgano legislativo en esta situaci\u00f3n extraordinaria y la voluntad y compromiso pol\u00edtico de las y los legisladores.<\/p>\n<p>En el recinto estuvieron presentes el presidente de la C\u00e1mara, el secretario, Carlos Saboldelli, el prosecretario, Nicol\u00e1s Pierini, y los jefes de los bloques Gustavo Cusinato (UCR), Esteban Vitor (PRO), Juan Domingo Zacar\u00edas (Movimiento Social Entrerriano) y Juan Navarro (Frente Creer); mientras que las dem\u00e1s diputadas y diputados participaron de manera virtual atendiendo al cumplimiento de las recomendaciones sanitarias en el marco del aislamiento social, preventivo y obligatorio.<\/p>\n<p>Durante la jornada se le dio tratamiento y aprobaci\u00f3n un\u00e1nime al proyecto de ley de usuarios electrodependientes presentado oportunamente por el diputado Juan Navarro en coautor\u00eda con los diputados Gustavo Zavallo y Diego Lara. El mismo dispone la creaci\u00f3n de un r\u00e9gimen tarifario especial con el fin de garantizar la provisi\u00f3n de energ\u00eda el\u00e9ctrica gratuita, y cont\u00f3 con aportes sustanciales por integrantes de las comisiones de Salud P\u00fablica y Legislaci\u00f3n General.<\/p>\n<p>A este respecto se manifest\u00f3 la diputada Carina Ramos se\u00f1alando que \u201chemos trabajado con mucha responsabilidad, di\u00e1logo y apertura todos los diputados y diputadas de los distintos bloques que formamos parte de las comisiones de Legislaci\u00f3n General y Salud. Concibo a la salud como un derecho y no como una mercanc\u00eda. Como Estado debemos cubrir este bien social\u201d. Y agreg\u00f3: \u201cQuiero reconocer la lucha de las familias, de las madres, padres que se pusieron al hombro esta causa y que han logrado que hoy estemos frente a un tema que tiene total consenso social y acompa\u00f1amiento&#8221;.<\/p>\n<p>La diputada Mariana Farf\u00e1n tambi\u00e9n calific\u00f3 al proyecto como trascendental y manifest\u00f3 que \u201ces importante remarcar que detr\u00e1s de esta ley hubo una historia tremenda que es la de Joaco y hubo much\u00edsimas luchas de sus pap\u00e1s, as\u00ed que esta instancia hace que tengamos un posicionamiento frente a quienes tienen estas dificultades y son los m\u00e1s vulnerables. Esto honra la lucha de un mont\u00f3n de familias\u201d.<\/p>\n<p>El diputado Jorge C\u00e1ceres afirm\u00f3 que \u201cestamos haciendo justicia y un reconocimiento a un derecho muy importante\u201d.<\/p>\n<p>El diputado Diego Lara destac\u00f3 el hecho de que \u201cestamos hablando de una ley en donde le estamos asignando al Estado un rol ineludible e imprescindible. Debe estar presente en pol\u00edticas que tiene que ver con la energ\u00eda y con esta ley estamos contribuyendo a que haya un Estado presente. Hablamos de la vida de las personas, de la salud\u201d.<\/p>\n<p>La diputada Ayel\u00e9n Acosta, por su lado, indic\u00f3 que \u201cestas son las leyes que nos hacen sentir que estamos aportando un granito de arena y que estamos realmente considerando derechos\u201d. &#8220;Estamos saldando una deuda para con los entrerrianos&#8221; dijo Acosta en alusi\u00f3n a la sanci\u00f3n de la ley Nacional ley 27351.<\/p>\n<p>El diputado Juan Manuel Huss valor\u00f3 el consenso alcanzado y calific\u00f3 al proyecto como un \u201creconocimiento a un derecho humano esencial\u201d.<\/p>\n<p>Finalmente, Giano remarc\u00f3 la labor llevada a cabo en relaci\u00f3n al proyecto sosteniendo que \u201cdemuestra que m\u00e1s all\u00e1 de las dificultades que genera el aislamiento, hemos estado a la altura de las circunstancia funcionando durante todo este tiempo\u201d. En la misma l\u00ednea se expres\u00f3 el diputado Gustavo Cusinato.<\/p>\n<p>&nbsp;<\/p>\n<p><strong>Proyectos aprobados<\/strong><\/p>\n<p>El proyecto de ley (Expediente 23.989) por el cual se autoriza al Poder Ejecutivo a aceptar la donaci\u00f3n de un inmueble ubicado en Villa Clara, departamento Villaguay, formulada por el Municipio, con destino a la construcci\u00f3n de un edificio para el Juzgado de Paz.<\/p>\n<p>\u201cResulta de fundamental aprobaci\u00f3n para Villa Clara, por eso solicito el acompa\u00f1amiento de los diputados. Sabemos que Villa Clara ha tenido un crecimiento importante y hoy el juzgado funciona en las mismas instalaciones del Registro Civil y del Juzgado de faltas\u201d, se\u00f1al\u00f3 al respecto el diputado Juan Cosso.<\/p>\n<p>El proyecto de ley (Expediente 23.990) por el cual se autoriza al Poder Ejecutivo a aceptar la donaci\u00f3n de un terreno ubicado en la localidad de Crespo, departamento Paran\u00e1, formulada por el Municipio, en el que actualmente funciona la Escuela Primaria Nina Nro. 203 Guaran\u00ed.<\/p>\n<p>En este sentido, el diputado Juli\u00e1n Maneiro manifest\u00f3: \u201cParticip\u00e9 personalmente en la elaboraci\u00f3n a pedido de la cooperadora, la cual viene construyendo aulas y ampliando la capacidad de la escuela y requiere de la inversi\u00f3n del Estado provincial\u201d.<\/p>\n<p>El proyecto de ley (Expediente 23.959) por el cual se autoriza al Poder Ejecutivo a aceptar la donaci\u00f3n de un terreno ubicado en Concepci\u00f3n del Uruguay, formulada por el Municipio, con destino a la construcci\u00f3n de la Comisar\u00eda Cuarta.<\/p>\n<p>El proyecto de ley (Expediente 23.982) por el cual se declara de inter\u00e9s hist\u00f3rico-cultural de la Provincia al inmueble que fuera vivienda del doctor Domingo Santo Liotta, ubicado en la ciudad de Diamante.<\/p>\n<p>\u201cHablar de un compueblano y colega es muy grato. El doctor Domingo Santo Liotta ha sido un gran profesor y gu\u00eda para muchos colegas que hoy trabajan en innumerables centros de salud del mundo. Ser\u00e1 un maestro hoy y siempre\u201d, expres\u00f3 el diputado Jorge C\u00e1ceres al tiempo que afirm\u00f3 que el proyecto es \u201cun reconocimiento a la labor, al trabajo, a la dedicaci\u00f3n, a la humildad y a la entrega del doctor Liotta\u201d.<\/p>\n<p>Del mismo modo se pronunci\u00f3 el diputado Maneiro: \u201cEs una personalidad destacada y reconocida en la provincia, en el pa\u00eds y en el mundo por su trabajo en la medicina y en la funci\u00f3n p\u00fablica\u201d.<\/p>\n<p>&nbsp;<\/p>\n<p><strong>Designaciones<\/strong><\/p>\n<p>En la sesi\u00f3n se inform\u00f3 la propuesta de Alcides L\u00f3pez como representante por la minor\u00eda en la CAFESG, la cual se comunicar\u00e1 al Poder Ejecutivo para su designaci\u00f3n.<\/p>\n<p>A su vez, el diputado Navarro inform\u00f3 las designaciones que le corresponden a la C\u00e1mara en distintas comisiones, a saber:<\/p>\n<p>&#8211; Representante en la comisi\u00f3n de Bibliotecas: diputado Jos\u00e9 C\u00e1ceres y Jos\u00e9 Kramer (suplente).<\/p>\n<p>&#8211; Representantes en la comisi\u00f3n de Puertos: diputada Mar\u00eda del Carmen Toller y diputado Sergio Castrill\u00f3n.<\/p>\n<p>&#8211; Integrantes del Jurado de Enjuiciamiento: diputado Gustavo Zavallo (titular) y diputada Silvia Moreno (suplente).<\/p>\n<p>&#8211; Representante de la C\u00e1mara en el INAUBEPRO: el diputado Jorge C\u00e1ceres.<\/p>\n<p>Tambi\u00e9n se inform\u00f3 que se acord\u00f3 en Labor Parlamentaria la incorporaci\u00f3n a la comisi\u00f3n de Legislaci\u00f3n General a las diputadas Farf\u00e1n y Acosta, y a la comisi\u00f3n de Acci\u00f3n Social al diputado Jos\u00e9 C\u00e1ceres.<\/p>\n","protected":false},"excerpt":{"rendered":"<p>\u201cEs la primera sesi\u00f3n virtual del Poder Legislativo en la historia de Entre R\u00edos&#8221;, expres\u00f3 el presidente del cuerpo, Angel Giano, al dar inicio a la sesi\u00f3n ordinaria del 141 Per\u00edodo Legislativo, que sesion\u00f3 de manera virtual debido al contexto extraordinario en el marco de esta pandemia &nbsp; Giano brind\u00f3 precisiones sobre las razones por las cuales se decidi\u00f3 utilizar esta modalidad, las consultas que se realizaron a los expertos sanitarios y a los asesores jur\u00eddicos. En este sentido detall\u00f3 sobre las diversas modalidades de resguardo de la sesi\u00f3n (implementaci\u00f3n&#8230;<\/p>\n","protected":false},"author":3,"featured_media":60586,"comment_status":"closed","ping_status":"closed","sticky":false,"template":"","format":"standard","meta":[],"categories":[9],"tags":[],"_links":{"self":[{"href":"https:\/\/www.actualidadadiario.com\/index.php\/wp-json\/wp\/v2\/posts\/60585"}],"collection":[{"href":"https:\/\/www.actualidadadiario.com\/index.php\/wp-json\/wp\/v2\/posts"}],"about":[{"href":"https:\/\/www.actualidadadiario.com\/index.php\/wp-json\/wp\/v2\/types\/post"}],"author":[{"embeddable":true,"href":"https:\/\/www.actualidadadiario.com\/index.php\/wp-json\/wp\/v2\/users\/3"}],"replies":[{"embeddable":true,"href":"https:\/\/www.actualidadadiario.com\/index.php\/wp-json\/wp\/v2\/comments?post=60585"}],"version-history":[{"count":1,"href":"https:\/\/www.actualidadadiario.com\/index.php\/wp-json\/wp\/v2\/posts\/60585\/revisions"}],"predecessor-version":[{"id":60587,"href":"https:\/\/www.actualidadadiario.com\/index.php\/wp-json\/wp\/v2\/posts\/60585\/revisions\/60587"}],"wp:featuredmedia":[{"embeddable":true,"href":"https:\/\/www.actualidadadiario.com\/index.php\/wp-json\/wp\/v2\/media\/60586"}],"wp:attachment":[{"href":"https:\/\/www.actualidadadiario.com\/index.php\/wp-json\/wp\/v2\/media?parent=60585"}],"wp:term":[{"taxonomy":"category","embeddable":true,"href":"https:\/\/www.actualidadadiario.com\/index.php\/wp-json\/wp\/v2\/categories?post=60585"},{"taxonomy":"post_tag","embeddable":true,"href":"https:\/\/www.actualidadadiario.com\/index.php\/wp-json\/wp\/v2\/tags?post=60585"}],"curies":[{"name":"wp","href":"https:\/\/api.w.org\/{rel}","templated":true}]}}