{"id":60582,"date":"2020-04-23T14:27:54","date_gmt":"2020-04-23T17:27:54","guid":{"rendered":"https:\/\/www.actualidadadiario.com\/?p=60582"},"modified":"2020-04-23T14:27:54","modified_gmt":"2020-04-23T17:27:54","slug":"el-senado-uruguayo-comenzo-a-tratar-el-desafuero-de-guido-manini-rios","status":"publish","type":"post","link":"https:\/\/www.actualidadadiario.com\/index.php\/2020\/04\/23\/el-senado-uruguayo-comenzo-a-tratar-el-desafuero-de-guido-manini-rios\/","title":{"rendered":"El Senado uruguayo comenz\u00f3 a tratar el desafuero de Guido Manini R\u00edos"},"content":{"rendered":"<p style=\"text-align: center;\"><em><strong>Al l\u00edder de Cabildo Abierto se le podr\u00eda imputar el delito de omisi\u00f3n de denuncia de hechos delictivos vinculados al caso del represor Gavazzo, quien confes\u00f3 haber hecho desaparecer el cuerpo del tupamaro Gomensoro durante la dictadura<\/strong><\/em><\/p>\n<p>&nbsp;<\/p>\n<p>&nbsp;<\/p>\n<p>El Senado de Uruguay comenz\u00f3 a tratar el desafuero del legislador del oficialista Cabildo Abierto y excomandante en jefe del ej\u00e9rcito, Guido Manini R\u00edos. Si bien la mayor\u00eda del arco pol\u00edtico uruguayo se mostr\u00f3 a favor de debatir el desafuero, el expresidente y actual senador del Frente Amplio, Jos\u00e9 &#8220;Pepe&#8221; Mujica, se manifest\u00f3 contrario a votar por la positiva, al entender que el objetivo de Manini R\u00edos es &#8220;seguir haciendo campa\u00f1a de que lo persiguen&#8221;. El pedido para el retiro de sus privilegios como senador requiere de 21 votos para ser aprobado. Al l\u00edder de Cabildo Abierto se le podr\u00eda imputar el delito de omisi\u00f3n de denuncia de hechos delictivos vinculados al caso del exteniente coronel Jos\u00e9 Nino Gavazzo, quien confes\u00f3 haber hecho desaparecer el cuerpo del tupamaro Roberto Gomensoro durante la dictadura militar (1973-1985). Para Manini R\u00edos, sin embargo, se trata de una &#8220;operaci\u00f3n pol\u00edtica&#8221; en su contra.<\/p>\n<p>El lunes, los partidos representados en la C\u00e1mara Alta acordaron avanzar en el proceso de desafuero. Manini R\u00edos hab\u00eda pedido ese mismo d\u00eda su tratamiento &#8220;a la mayor brevedad posible&#8221;. &#8220;Si debido a las medidas de seguridad adoptadas para enfrentar la actual emergencia sanitaria la constituci\u00f3n de la referida comisi\u00f3n se demorara en el tiempo, solicito que el asunto se trate en el plenario de la C\u00e1mara\u201d, exigi\u00f3. Este mi\u00e9rcoles el asunto ingres\u00f3 formalmente a la comisi\u00f3n de Constituci\u00f3n.<\/p>\n<p>Mientras el Senado acelera para votar el desafuero, el expresidente y actual senador frenteamplista Jos\u00e9 &#8220;Pepe&#8221; Mujica reiter\u00f3 su posici\u00f3n contraria a quitarle el privilegio al l\u00edder de Cabildo Abierto. &#8220;No le quiero dar el cach\u00f3n para que se tire al suelo y est\u00e9 haciendo campa\u00f1a de que lo persiguen&#8221;, dijo entrevistado por el programa Desayuno Informales del canal Teledoce. Mujica insisti\u00f3 en su visi\u00f3n de que Manini &#8220;quiere que lo juzguen&#8221; y que, por lo tanto, votar el desafuero ser\u00eda hacerle un favor. El exmandatario manifest\u00f3 adem\u00e1s que a Manini R\u00edos &#8220;lo vot\u00f3 un mont\u00f3n de gente&#8221; y que no puede &#8220;enmendarle la plana a esa decisi\u00f3n que tom\u00f3 la gente&#8221;.<\/p>\n<p>La postura del expresidente es la excepci\u00f3n dentro de la bancada opositora, que no solo acord\u00f3 votar el desafuero sino que lo viene exigiendo con \u00e9nfasis en los \u00faltimos d\u00edas. Desde el opositor Movimiento de Participaci\u00f3n Popular dijeron a El Observador que la afirmaci\u00f3n de Mujica responde &#8220;a una visi\u00f3n personal, y que tanto el sector como el resto del Frente Amplio aportar\u00e1 sus votos cuando se discuta el tema en el pleno del Senado&#8221;. Mujica, de hecho, no participar\u00e1 de la discusi\u00f3n y la posterior votaci\u00f3n porque se encuentra en cuarentena preventiva por ser poblaci\u00f3n de riesgo frente a la pandemia de coronavirus.<\/p>\n<p>En el otro extremo, legisladores de la coalici\u00f3n oficialista hab\u00edan expresado en repetidas oportunidades que no estaban dispuestos a votar el desafuero. Sin embargo, parlamentarios de la alianza de derecha que llev\u00f3 a Luis Lacalle Pou a la presidencia de Uruguay manifestaron al diario La Rep\u00fablica que ahora lo van a analizar y que estar\u00edan dispuestos a votarlo &#8220;si as\u00ed lo quiere el l\u00edder cabildante&#8221;, por Manini R\u00edos. Los legisladores de Cabildo Abierto, por su parte, tambi\u00e9n estar\u00edan dispuestos a dar su voto positivo.<\/p>\n<p>El fiscal a cargo del caso, Rodrigo Morosoli, pretende imputar al excomandante en jefe del Ej\u00e9rcito por no haber denunciado o avisado a las autoridades cuando el represor Jos\u00e9 Nino Gavazzo, a cargo de la coordinaci\u00f3n uruguaya del Plan C\u00f3ndor, admiti\u00f3 ante el Tribunal de Honor en abril de 2018 que hab\u00eda tirado al r\u00edo Negro el cuerpo del militante Roberto Gomensoro en 1973.<\/p>\n<p>&nbsp;<\/p>\n<p><strong>Activo defensor de represores<\/strong><\/p>\n<p>El 2 de febrero de 2015, Guido Manini R\u00edos asumi\u00f3 como nuevo comandante en jefe del Ej\u00e9rcito, durante la presidencia de Mujica. Cuatro a\u00f1os despu\u00e9s, fue destituido por el entonces mandatario uruguayo, Tabar\u00e9 V\u00e1zquez, despu\u00e9s de que el oficial se expresara en contra de la reforma de las pensiones militares y mostrara su incipiente intenci\u00f3n de dedicarse a la pol\u00edtica.<\/p>\n<p>Manini R\u00edos tambi\u00e9n hab\u00eda criticado a la justicia por fallos de tribunales que juzgaron a varios militares por violaciones a los derechos humanos cometidas entre 1973 y 1985. El exn\u00famero uno del Ej\u00e9rcito uruguayo lleg\u00f3 a decir que &#8220;un militar citado como indagado por la Justicia no tiene las garant\u00edas del debido proceso y es condenado en base a conjeturas o convicciones inadmisibles sin pruebas fehacientes, fraguadas o inventadas&#8221;.<\/p>\n<p>En aquel momento, el gobierno uruguayo consider\u00f3 que la actitud de Manini R\u00edos era incompatible con su cargo. A partir de all\u00ed, el exmilitar empez\u00f3 a construir su carrera pol\u00edtica. Y en 2019, dio su primer paso al ser elegido senador junto a su esposa Irene Moreira, por el derechista Cabildo Abierto, parte de la coalici\u00f3n multicolor que le garantiz\u00f3 la presidencia a Lacalle Pou.<\/p>\n<p>&nbsp;<\/p>\n","protected":false},"excerpt":{"rendered":"<p>Al l\u00edder de Cabildo Abierto se le podr\u00eda imputar el delito de omisi\u00f3n de denuncia de hechos delictivos vinculados al caso del represor Gavazzo, quien confes\u00f3 haber hecho desaparecer el cuerpo del tupamaro Gomensoro durante la dictadura &nbsp; &nbsp; El Senado de Uruguay comenz\u00f3 a tratar el desafuero del legislador del oficialista Cabildo Abierto y excomandante en jefe del ej\u00e9rcito, Guido Manini R\u00edos. Si bien la mayor\u00eda del arco pol\u00edtico uruguayo se mostr\u00f3 a favor de debatir el desafuero, el expresidente y actual senador del Frente Amplio, Jos\u00e9 &#8220;Pepe&#8221; Mujica,&#8230;<\/p>\n","protected":false},"author":3,"featured_media":60583,"comment_status":"closed","ping_status":"closed","sticky":false,"template":"","format":"standard","meta":[],"categories":[4],"tags":[],"_links":{"self":[{"href":"https:\/\/www.actualidadadiario.com\/index.php\/wp-json\/wp\/v2\/posts\/60582"}],"collection":[{"href":"https:\/\/www.actualidadadiario.com\/index.php\/wp-json\/wp\/v2\/posts"}],"about":[{"href":"https:\/\/www.actualidadadiario.com\/index.php\/wp-json\/wp\/v2\/types\/post"}],"author":[{"embeddable":true,"href":"https:\/\/www.actualidadadiario.com\/index.php\/wp-json\/wp\/v2\/users\/3"}],"replies":[{"embeddable":true,"href":"https:\/\/www.actualidadadiario.com\/index.php\/wp-json\/wp\/v2\/comments?post=60582"}],"version-history":[{"count":1,"href":"https:\/\/www.actualidadadiario.com\/index.php\/wp-json\/wp\/v2\/posts\/60582\/revisions"}],"predecessor-version":[{"id":60584,"href":"https:\/\/www.actualidadadiario.com\/index.php\/wp-json\/wp\/v2\/posts\/60582\/revisions\/60584"}],"wp:featuredmedia":[{"embeddable":true,"href":"https:\/\/www.actualidadadiario.com\/index.php\/wp-json\/wp\/v2\/media\/60583"}],"wp:attachment":[{"href":"https:\/\/www.actualidadadiario.com\/index.php\/wp-json\/wp\/v2\/media?parent=60582"}],"wp:term":[{"taxonomy":"category","embeddable":true,"href":"https:\/\/www.actualidadadiario.com\/index.php\/wp-json\/wp\/v2\/categories?post=60582"},{"taxonomy":"post_tag","embeddable":true,"href":"https:\/\/www.actualidadadiario.com\/index.php\/wp-json\/wp\/v2\/tags?post=60582"}],"curies":[{"name":"wp","href":"https:\/\/api.w.org\/{rel}","templated":true}]}}