{"id":60555,"date":"2020-04-23T14:20:21","date_gmt":"2020-04-23T17:20:21","guid":{"rendered":"https:\/\/www.actualidadadiario.com\/?p=60555"},"modified":"2020-04-23T14:20:21","modified_gmt":"2020-04-23T17:20:21","slug":"nuevo-round-entre-massa-y-cambiemos-por-las-sesiones-virtuales","status":"publish","type":"post","link":"https:\/\/www.actualidadadiario.com\/index.php\/2020\/04\/23\/nuevo-round-entre-massa-y-cambiemos-por-las-sesiones-virtuales\/","title":{"rendered":"Nuevo round entre Massa y Cambiemos por las sesiones virtuales"},"content":{"rendered":"<p style=\"text-align: center;\"><em><strong>El presidente de la C\u00e1mara de Diputados les envi\u00f3 a todos los bloques el dise\u00f1o de una aplicaci\u00f3n para poder funcionar a distancia, pero la oposici\u00f3n le exige reunirse y analizar los cambios en persona<\/strong><\/em><\/p>\n<p>&nbsp;<\/p>\n<p>&nbsp;<\/p>\n<p>El presidente de la C\u00e1mara de Diputados, Sergio Massa, busca archivar el plan original que ten\u00eda para sesionar en forma presencial dentro de un estadio, gimnasio, o el Centro Cultural Kirchner durante la cuarentena y tiene lista una aplicaci\u00f3n tecnol\u00f3gica para que los legisladores puedan debatir y sancionar una norma desde sus domicilios, a trav\u00e9s de un sistema dise\u00f1ado por los t\u00e9cnicos de ese cuerpo legislativo para que el Congreso funcione en forma virtual en tiempos de pandemia.<\/p>\n<p>La iniciativa fue girada a los jefes cada bloque este martes por la noche. En respuesta los representantes de Juntos por el Cambio le pidieron a Massa\u00a0 que convoque a una sesi\u00f3n presencial con un temario a consensuar con los jefes de cada bloque. En el texto le recuerdan que en la Ciudad hay lugares amplios para sesionar y le advierten que el borrador tiene una serie de vicios legales.\u00a0 Los procedimientos virtuales que impulsa el oficialismo tienen una serie de cr\u00edticas opositoras, aunque hay disposici\u00f3n para avanzar con los mecanismos virtuales, pero luego de auditar todos los mecanismos utilizados y de reformar el reglamento en forma presencial.<\/p>\n<p>Ahora la apuesta opositora consiste en una sesi\u00f3n presencial, con un temario a consensuar, donde se podr\u00eda analizar la reforma del reglamento. C\u00f3mo m\u00ednimo, esa posibilidad implicar\u00eda la presencia de 129 de los 257 diputados para darle qu\u00f3rum y debatir los cambios que impulsa el titular de la C\u00e1mara.<\/p>\n<p>Cerca de Massa consideran que se puede sesionar en forma remota para cambiar el reglamento. Esa tensi\u00f3n, que implica una negociaci\u00f3n pol\u00edtica clave, tendr\u00e1 su primer round este jueves por la tarde, cuando se re\u00fana por primera vez la Comisi\u00f3n Especial de Modernizaci\u00f3n del Funcionamiento Parlamentario, que preside la bonaerense Daniela Vilar del Frente de Todos.<\/p>\n<p>En esa instancia el oficialismo buscar\u00e1 contener las cr\u00edticas opositoras con una reglamentaci\u00f3n especial para sesiones telem\u00e1ticas, que ser\u00e1 girada a la Comisi\u00f3n de Peticiones, Poderes y Reglamento, que encabeza la entrerriana Mayda Cresto, tambi\u00e9n del oficialismo.\u00a0 En esa comisi\u00f3n se librar\u00e1 la batalla final para definir si la C\u00e1mara baja podr\u00e1 sesionar en forma virtual y si sus miembros deber\u00e1n reunirse en forma presencial antes de usar los sistemas que ya dise\u00f1aron los t\u00e9cnicos de Diputados.<\/p>\n<p>Esa negociaci\u00f3n sucede en forma paralela al pedido de certeza de constitucionalidad que present\u00f3 la vicepresidenta Cristina Fern\u00e1ndez de Kirchner, para que la Corte Suprema defina si esos mecanismos virtuales tienen validez legal, El Procurador General interino, Ricardo Casal, firm\u00f3 un dictamen donde consider\u00f3 que el m\u00e1ximo tribunal no debe expedirse porque se trata de una potestad del Poder Legislativo, aunque la Corte ya habilit\u00f3 la feria para tratar el tema y sus consideraciones podr\u00edan servir para aportar las garant\u00edas de legalidad suficientes.\u00a0 Tambi\u00e9n deber\u00e1 expedirse sobre el pedido que sum\u00f3 el senador y exgobernador de R\u00edo Negro, Alberto Weretilneck, que radic\u00f3 otra &#8220;acci\u00f3n declarativa de certeza&#8221; sobre el mismo tema. Esa negociaci\u00f3n sucede en forma paralela al pedido de certeza de constitucionalidad que present\u00f3 la vicepresidenta Cristina Fern\u00e1ndez de Kirchner, para que la Corte Suprema defina si esos mecanismos virtuales tienen validez legal, El Procurador General interino, Ricardo Casal, firm\u00f3 un dictamen donde consider\u00f3 que el m\u00e1ximo tribunal no debe expedirse porque se trata de una potestad del Poder Legislativo, aunque la Corte ya habilit\u00f3 la feria para tratar el tema y sus consideraciones podr\u00edan servir para aportar las garant\u00edas de legalidad suficientes.\u00a0 Tambi\u00e9n deber\u00e1 expedirse sobre el pedido que sum\u00f3 el senador y exgobernador de R\u00edo Negro, Alberto Weretilneck, que radic\u00f3 otra &#8220;acci\u00f3n declarativa de certeza&#8221; sobre el mismo tema.<\/p>\n","protected":false},"excerpt":{"rendered":"<p>El presidente de la C\u00e1mara de Diputados les envi\u00f3 a todos los bloques el dise\u00f1o de una aplicaci\u00f3n para poder funcionar a distancia, pero la oposici\u00f3n le exige reunirse y analizar los cambios en persona &nbsp; &nbsp; El presidente de la C\u00e1mara de Diputados, Sergio Massa, busca archivar el plan original que ten\u00eda para sesionar en forma presencial dentro de un estadio, gimnasio, o el Centro Cultural Kirchner durante la cuarentena y tiene lista una aplicaci\u00f3n tecnol\u00f3gica para que los legisladores puedan debatir y sancionar una norma desde sus domicilios,&#8230;<\/p>\n","protected":false},"author":3,"featured_media":60556,"comment_status":"closed","ping_status":"closed","sticky":false,"template":"","format":"standard","meta":[],"categories":[18],"tags":[],"_links":{"self":[{"href":"https:\/\/www.actualidadadiario.com\/index.php\/wp-json\/wp\/v2\/posts\/60555"}],"collection":[{"href":"https:\/\/www.actualidadadiario.com\/index.php\/wp-json\/wp\/v2\/posts"}],"about":[{"href":"https:\/\/www.actualidadadiario.com\/index.php\/wp-json\/wp\/v2\/types\/post"}],"author":[{"embeddable":true,"href":"https:\/\/www.actualidadadiario.com\/index.php\/wp-json\/wp\/v2\/users\/3"}],"replies":[{"embeddable":true,"href":"https:\/\/www.actualidadadiario.com\/index.php\/wp-json\/wp\/v2\/comments?post=60555"}],"version-history":[{"count":1,"href":"https:\/\/www.actualidadadiario.com\/index.php\/wp-json\/wp\/v2\/posts\/60555\/revisions"}],"predecessor-version":[{"id":60557,"href":"https:\/\/www.actualidadadiario.com\/index.php\/wp-json\/wp\/v2\/posts\/60555\/revisions\/60557"}],"wp:featuredmedia":[{"embeddable":true,"href":"https:\/\/www.actualidadadiario.com\/index.php\/wp-json\/wp\/v2\/media\/60556"}],"wp:attachment":[{"href":"https:\/\/www.actualidadadiario.com\/index.php\/wp-json\/wp\/v2\/media?parent=60555"}],"wp:term":[{"taxonomy":"category","embeddable":true,"href":"https:\/\/www.actualidadadiario.com\/index.php\/wp-json\/wp\/v2\/categories?post=60555"},{"taxonomy":"post_tag","embeddable":true,"href":"https:\/\/www.actualidadadiario.com\/index.php\/wp-json\/wp\/v2\/tags?post=60555"}],"curies":[{"name":"wp","href":"https:\/\/api.w.org\/{rel}","templated":true}]}}