{"id":60552,"date":"2020-04-23T14:19:40","date_gmt":"2020-04-23T17:19:40","guid":{"rendered":"https:\/\/www.actualidadadiario.com\/?p=60552"},"modified":"2020-04-23T14:19:40","modified_gmt":"2020-04-23T17:19:40","slug":"denuncian-que-la-secretaria-de-medios-heredo-una-deuda-millonaria","status":"publish","type":"post","link":"https:\/\/www.actualidadadiario.com\/index.php\/2020\/04\/23\/denuncian-que-la-secretaria-de-medios-heredo-una-deuda-millonaria\/","title":{"rendered":"Denuncian que la Secretar\u00eda de Medios hered\u00f3 una deuda millonaria"},"content":{"rendered":"<p style=\"text-align: center;\"><em><strong>En una teleconferencia en Diputados, el secretario Meritello asegur\u00f3 que un tercio del presupuesto ser\u00e1 para pagar pasivos que le dej\u00f3 Lombardi<\/strong><\/em><\/p>\n<p>&nbsp;<\/p>\n<p>&nbsp;<\/p>\n<p>Los funcionarios de Medios y Comunicaci\u00f3n del Gobierno brindaron una teleconferencia en Diputados para informar las medidas tomadas durante la pandemia de coronavirus, pero terminaron debatiendo con la oposici\u00f3n sobre transparencia y gastos.<\/p>\n<p>Es que las preguntas de los diputados de Cambiemos ignoraron las necesidades comunicacionales de la pandemia y se abocaron a cuestionar supuestas faltas de libertad de expresi\u00f3n, modificaciones en el Registro Nacional de Proveedores de Publicidad Oficial (Renappo) y el decreto que permiti\u00f3 volver a firmar decretos en papel.<\/p>\n<p>Desde sus despachos, los funcionarios respondieron con denuncias a la anterior gesti\u00f3n y la sesi\u00f3n de la Comisi\u00f3n de Comunicaciones e Inform\u00e1tica, presidida por el kirchnerista Pablo Carro, termin\u00f3 con un tono de enfrenamiento que no ven\u00edan teniendo las teleconferencias en el Congreso.<\/p>\n<p>&#8220;Es redundante el planteo de libertad de expresi\u00f3n. Hablamos con todos y hemos puesto la informaci\u00f3n de cualquiera las medidas que se impulsaron&#8221;, respondi\u00f3 Fernando Meritello, secretario de Medios. &#8220;Tenemos distintas visiones. Invito a que vengan a mi oficina para que podamos a tener una radiograf\u00eda de lo que encontramos aqu\u00ed, que dista mucho de la que tienen ustedes&#8221;.<\/p>\n<p>Meritello, que tambi\u00e9n tiene a su cargo el sistema de medios p\u00fablicos, denunci\u00f3 que una tercera parte de su presupuesto ser\u00e1 para pagar deudas de su antecesor Hern\u00e1n Lombardi. &#8220;El correlato de esta deuda es la ca\u00edda de empresas, que est\u00e1n llorando por las oficinas a ver de qu\u00e9 manera pueden cobrar esto. La pauta privada cay\u00f3 un 100 por ciento y el financiamiento p\u00fablico de los medios pas\u00f3 a ser clave&#8221;, explic\u00f3.<\/p>\n<p>No fue la primera denuncia sobre la situaci\u00f3n del \u00e1rea que le toc\u00f3 administrar: en diciembre se supo que el gobierno de Macri gast\u00f3 100 millones de publicidad en una ins\u00f3lita promoci\u00f3n de sus &#8220;logros&#8221; de gesti\u00f3n a dos d\u00edas de irse.<\/p>\n<p>Meritello inform\u00f3 que entre marzo y abril gast\u00f3 600 millones de pesos en publicidad con 22 campa\u00f1as sobre la pandemia en medios de todo el pa\u00eds, &#8220;con una radiograf\u00eda aportada por los gobernadores&#8221;.\u00a0 El secretario de Medios desvincul\u00f3 adem\u00e1s el cierre de la revista Pronto de la recesi\u00f3n que agrav\u00f3 la cuarentena. &#8220;El due\u00f1o de Publiexpress -Eduardo Lerner- fue a mi oficina un mes antes y me anticip\u00f3 el cierre. No tiene que ver con la pandemia&#8221;, explic\u00f3.<\/p>\n<p>Justific\u00f3 los cambios en la Renappo en que buscaron flexibilizar los requisitos para girar la pauta publicitaria pendiente, &#8220;porque los que hab\u00eda no los pod\u00eda cumplir ning\u00fan medio&#8221;. De hecho, los cambios fueron solicitados por las principales c\u00e1maras del sector.<\/p>\n<p>Destac\u00f3, adem\u00e1s, que la agencia oficial T\u00e9lam retom\u00f3 su &#8220;raz\u00f3n de ser&#8221; con una jerarquizaci\u00f3n de su tarea y la &#8220;recuperaci\u00f3n del manejo de la pauta publicitaria, que hab\u00eda dejado de proveerse de ciertos medios para afrontar su presupuesto&#8221;.<\/p>\n<p>&nbsp;<\/p>\n<p><strong>El regreso del papel<\/strong><\/p>\n<p>Por su parte, la secretaria de Innovaci\u00f3n Micaela S\u00e1nchez Malcom dedic\u00f3 su tiempo de respuesta para defender el decreto 330 que habilit\u00f3 la vuelta de la firma papel para los tr\u00e1mites y fue muy criticada en Cambiemos.<\/p>\n<p>&#8220;No fue un retroceso. El sistema de gesti\u00f3n documental electr\u00f3nica (GDE) no fue declarada infraestructura cr\u00edtica y no ten\u00eda contingencia para casos de fallas y colapsos, como el corte de luz de junio. El 97 por ciento de sus usuarios tiene quejas y mantiene una deuda millonaria con sus proveedores&#8221;, justific\u00f3.<\/p>\n<p>Claudio Ambrosini, presidente de la Ecanom, enumer\u00f3 las medidas adoptadas durante la pandemia para garantizar las telecomunicaciones, como reducir el tr\u00e1fico de la informaci\u00f3n.\u00a0 &#8220;Se lo propusimos a todas las plataformas de streaming y lo logramos, como por ejemplo bajar el 25% de la capacidad de transmisi\u00f3n de Netflix y bajar la calidad en Facebook y YouTube&#8221;.<\/p>\n<p>Tambi\u00e9n hubo &#8220;un convenio de cooperaci\u00f3n entre ARSAT, las empresas de telefon\u00eda e internet y todas las cooperativas del pa\u00eds en un acuerdo de ayuda mutua&#8221;.<\/p>\n<p>Prometi\u00f3 trabajar en la conectividad de los hospitales de campa\u00f1as y ponder\u00f3 la gratuidad de navegaci\u00f3n del portal del ministerio de Salud.\u00a0 &#8220;Logramos que todas las plataformas de \u00b4Seguimos Educando\u00b4 sean gratuitas, ya recibieron 5 millones de visitas, con una navegabilidad impecable. Nos preocupamos por los usuarios y logramos el no corte de servicio tanto de televisi\u00f3n y telefon\u00eda para los que menos tienen&#8221;.<\/p>\n","protected":false},"excerpt":{"rendered":"<p>En una teleconferencia en Diputados, el secretario Meritello asegur\u00f3 que un tercio del presupuesto ser\u00e1 para pagar pasivos que le dej\u00f3 Lombardi &nbsp; &nbsp; Los funcionarios de Medios y Comunicaci\u00f3n del Gobierno brindaron una teleconferencia en Diputados para informar las medidas tomadas durante la pandemia de coronavirus, pero terminaron debatiendo con la oposici\u00f3n sobre transparencia y gastos. Es que las preguntas de los diputados de Cambiemos ignoraron las necesidades comunicacionales de la pandemia y se abocaron a cuestionar supuestas faltas de libertad de expresi\u00f3n, modificaciones en el Registro Nacional de&#8230;<\/p>\n","protected":false},"author":3,"featured_media":60553,"comment_status":"closed","ping_status":"closed","sticky":false,"template":"","format":"standard","meta":[],"categories":[18],"tags":[],"_links":{"self":[{"href":"https:\/\/www.actualidadadiario.com\/index.php\/wp-json\/wp\/v2\/posts\/60552"}],"collection":[{"href":"https:\/\/www.actualidadadiario.com\/index.php\/wp-json\/wp\/v2\/posts"}],"about":[{"href":"https:\/\/www.actualidadadiario.com\/index.php\/wp-json\/wp\/v2\/types\/post"}],"author":[{"embeddable":true,"href":"https:\/\/www.actualidadadiario.com\/index.php\/wp-json\/wp\/v2\/users\/3"}],"replies":[{"embeddable":true,"href":"https:\/\/www.actualidadadiario.com\/index.php\/wp-json\/wp\/v2\/comments?post=60552"}],"version-history":[{"count":1,"href":"https:\/\/www.actualidadadiario.com\/index.php\/wp-json\/wp\/v2\/posts\/60552\/revisions"}],"predecessor-version":[{"id":60554,"href":"https:\/\/www.actualidadadiario.com\/index.php\/wp-json\/wp\/v2\/posts\/60552\/revisions\/60554"}],"wp:featuredmedia":[{"embeddable":true,"href":"https:\/\/www.actualidadadiario.com\/index.php\/wp-json\/wp\/v2\/media\/60553"}],"wp:attachment":[{"href":"https:\/\/www.actualidadadiario.com\/index.php\/wp-json\/wp\/v2\/media?parent=60552"}],"wp:term":[{"taxonomy":"category","embeddable":true,"href":"https:\/\/www.actualidadadiario.com\/index.php\/wp-json\/wp\/v2\/categories?post=60552"},{"taxonomy":"post_tag","embeddable":true,"href":"https:\/\/www.actualidadadiario.com\/index.php\/wp-json\/wp\/v2\/tags?post=60552"}],"curies":[{"name":"wp","href":"https:\/\/api.w.org\/{rel}","templated":true}]}}