{"id":60545,"date":"2020-04-23T14:17:35","date_gmt":"2020-04-23T17:17:35","guid":{"rendered":"https:\/\/www.actualidadadiario.com\/?p=60545"},"modified":"2020-04-23T14:17:35","modified_gmt":"2020-04-23T17:17:35","slug":"cuarentena-alberto-fernandez-se-reune-con-el-comite-de-expertos","status":"publish","type":"post","link":"https:\/\/www.actualidadadiario.com\/index.php\/2020\/04\/23\/cuarentena-alberto-fernandez-se-reune-con-el-comite-de-expertos\/","title":{"rendered":"Cuarentena: Alberto Fern\u00e1ndez se re\u00fane con el comit\u00e9 de expertos"},"content":{"rendered":"<p style=\"text-align: center;\"><em><strong>Este mediod\u00eda comenzar\u00e1 a definirse c\u00f3mo continuar\u00e1 la estrategia oficial para enfrentar la pandemia de covid-19. El aislamiento social obligatorio podr\u00eda extenderse hasta el 10 de mayo, aunque habr\u00e1 autorizaciones a algunos distritos para que retomen una serie de actividades. El Presidente lo anunciar\u00eda el viernes<\/strong><\/em><\/p>\n<p>&nbsp;<\/p>\n<p>&nbsp;<\/p>\n<p>El presidente Alberto Fern\u00e1ndez recibe en la residencia de Olivos a parte del comit\u00e9 de expertos que lo asesora sobre la pandemia de coronavirus. Empezar\u00e1n a definir c\u00f3mo continuar\u00e1 la cuarentena general, que se prev\u00e9 ser\u00e1 prorrogada pero con algunas modificaciones.<\/p>\n<p>El ministro de Salud, Gin\u00e9s Gonz\u00e1lez Garc\u00eda, adelant\u00f3 que entre las cosas que se analizar\u00e1n en la reuni\u00f3n estar\u00e1 la posible flexibilizaci\u00f3n al aislamiento para ni\u00f1os y adolescentes. &#8220;Entendemos que los pibes no pueden permanecer en un aislamiento muy estricto por mucho tiempo&#8221;, asegur\u00f3 y dijo que &#8220;es uno de los temas a considerar&#8221;.<\/p>\n<p>Seg\u00fan adelant\u00f3 el ministro, el aislamiento social preventivo y obligatorio -que se inici\u00f3 el 20 de marzo- &#8220;va a seguir de distinta manera, con otro tipo de fases&#8221; seg\u00fan la evoluci\u00f3n en las provincias. El Gobierno piensa sumar a las actividades exceptuadas de cumplir la cuarentena a las profesiones liberales como abogados y contadores en las provincias de Entre R\u00edos, Misiones, Salta, San Juan y Neuqu\u00e9n y habilit\u00f3 la construcci\u00f3n privada en las mismas cinco provincias m\u00e1s Mendoza y Santa Cruz. En cada caso se deber\u00e1 cumplir un protocolo sanitario que elaborar\u00e1n las autoridades del \u00e1rea de Salud de cada provincia.<\/p>\n<p>Los epidemi\u00f3logos e infect\u00f3logos se reunieron primero durante la ma\u00f1ana con el ministro en la sede de la cartera nacional. El grupo de expertos que participa del encuentro en Olivos est\u00e1 integrado por la embajadora especial de la OMS\/OPS para Am\u00e9rica Latina y el Caribe, Mirta Roses; el director de la Fundaci\u00f3n Hu\u00e9sped, Pedro Cahn; el titular de la Sociedad Argentina de Infectolog\u00eda, Omar Sued; de la Sociedad Argentina de Emergencia; Luis C\u00e1mera; y especialistas como \u00c1ngela Gentile y Gustavo Lopardo.<\/p>\n<p>Se prev\u00e9 que este viernes Alberto Fern\u00e1ndez brinde nuevamente un anuncio por la noche para informar la pr\u00f3rroga del aislamiento social, preventivo y obligatorio, que se extender\u00eda hasta el 10 de mayo.<\/p>\n","protected":false},"excerpt":{"rendered":"<p>Este mediod\u00eda comenzar\u00e1 a definirse c\u00f3mo continuar\u00e1 la estrategia oficial para enfrentar la pandemia de covid-19. El aislamiento social obligatorio podr\u00eda extenderse hasta el 10 de mayo, aunque habr\u00e1 autorizaciones a algunos distritos para que retomen una serie de actividades. El Presidente lo anunciar\u00eda el viernes &nbsp; &nbsp; El presidente Alberto Fern\u00e1ndez recibe en la residencia de Olivos a parte del comit\u00e9 de expertos que lo asesora sobre la pandemia de coronavirus. Empezar\u00e1n a definir c\u00f3mo continuar\u00e1 la cuarentena general, que se prev\u00e9 ser\u00e1 prorrogada pero con algunas modificaciones. El&#8230;<\/p>\n","protected":false},"author":3,"featured_media":59977,"comment_status":"closed","ping_status":"closed","sticky":false,"template":"","format":"standard","meta":[],"categories":[9],"tags":[],"_links":{"self":[{"href":"https:\/\/www.actualidadadiario.com\/index.php\/wp-json\/wp\/v2\/posts\/60545"}],"collection":[{"href":"https:\/\/www.actualidadadiario.com\/index.php\/wp-json\/wp\/v2\/posts"}],"about":[{"href":"https:\/\/www.actualidadadiario.com\/index.php\/wp-json\/wp\/v2\/types\/post"}],"author":[{"embeddable":true,"href":"https:\/\/www.actualidadadiario.com\/index.php\/wp-json\/wp\/v2\/users\/3"}],"replies":[{"embeddable":true,"href":"https:\/\/www.actualidadadiario.com\/index.php\/wp-json\/wp\/v2\/comments?post=60545"}],"version-history":[{"count":1,"href":"https:\/\/www.actualidadadiario.com\/index.php\/wp-json\/wp\/v2\/posts\/60545\/revisions"}],"predecessor-version":[{"id":60546,"href":"https:\/\/www.actualidadadiario.com\/index.php\/wp-json\/wp\/v2\/posts\/60545\/revisions\/60546"}],"wp:featuredmedia":[{"embeddable":true,"href":"https:\/\/www.actualidadadiario.com\/index.php\/wp-json\/wp\/v2\/media\/59977"}],"wp:attachment":[{"href":"https:\/\/www.actualidadadiario.com\/index.php\/wp-json\/wp\/v2\/media?parent=60545"}],"wp:term":[{"taxonomy":"category","embeddable":true,"href":"https:\/\/www.actualidadadiario.com\/index.php\/wp-json\/wp\/v2\/categories?post=60545"},{"taxonomy":"post_tag","embeddable":true,"href":"https:\/\/www.actualidadadiario.com\/index.php\/wp-json\/wp\/v2\/tags?post=60545"}],"curies":[{"name":"wp","href":"https:\/\/api.w.org\/{rel}","templated":true}]}}